{"id":104481,"date":"2024-01-13T11:12:00","date_gmt":"2024-01-13T14:12:00","guid":{"rendered":"https:\/\/blogdoedvaldomagalhaes.com.br\/?p=104481"},"modified":"2024-01-13T11:12:01","modified_gmt":"2024-01-13T14:12:01","slug":"pre-carnaval-multicultural-2024-de-caruaru-tem-reuniao-e-visita-tecnica-nos-polos-de-animacao","status":"publish","type":"post","link":"https:\/\/blogdoedvaldomagalhaes.com.br\/index.php\/2024\/01\/13\/pre-carnaval-multicultural-2024-de-caruaru-tem-reuniao-e-visita-tecnica-nos-polos-de-animacao\/","title":{"rendered":"Pr\u00e9-Carnaval Multicultural 2024 de Caruaru tem reuni\u00e3o e visita t\u00e9cnica nos polos de anima\u00e7\u00e3o"},"content":{"rendered":"<p>A Prefeitura de Caruaru realizou, na Funda\u00e7\u00e3o de Cultura (FCC), uma reuni\u00e3o intersetorial direcionada para o Pr\u00e9-Carnaval Multicultural 2024, que ir\u00e1 animar milhares de foli\u00f5es nos pr\u00f3ximos dias 2 e 3 de fevereiro. <\/p>\n<p>Na ocasi\u00e3o, foram debatidos assuntos de extrema import\u00e2ncia, tendo como objetivo garantir uma festa segura para todos que vierem aproveitar o Pr\u00e9-Carnaval Multicultural em Caruaru, al\u00e9m de movimentar a economia local. Ap\u00f3s a reuni\u00e3o, os representantes realizaram uma visita t\u00e9cnica nos locais em que ficar\u00e3o os polos do evento, no Centro da cidade. <\/p>\n<p>\u201cEsse momento \u00e9 importante para cada secretaria trazer a sua demanda e, juntos, fazermos um grande evento para a popula\u00e7\u00e3o e, claro, fazermos a economia do munic\u00edpio girar. Essa \u00e9 uma das marcas da gest\u00e3o do prefeito Rodrigo Pinheiro\u201d, disse o presidente da Funda\u00e7\u00e3o, H\u00e9rlon Cavalcanti.<\/p>\n<p>Al\u00e9m da FCC e da Pol\u00edcia Militar, estiveram presentes na reuni\u00e3o e na visita t\u00e9cnica representantes das seguintes secretarias: de Governo; de Pol\u00edticas para Mulheres; de Ordem P\u00fablica; da Fazenda; de Sa\u00fade, de Desenvolvimento Econ\u00f4mico, Turismo e Economia Criativa; de Desenvolvimento Social e Direitos Humanos; de Planejamento e Gest\u00e3o; de Comunica\u00e7\u00e3o; e da Autarquia de Mobilidade, Tr\u00e2nsito e Transporte. Fotos: Jorge Farias\/Secom\/PMC<\/p>\n<p>Seja seguidor do Instagram do Blog @blogdoedvaldomagalhaes<\/p>\n","protected":false},"excerpt":{"rendered":"<p>A Prefeitura de Caruaru realizou, na Funda\u00e7\u00e3o de Cultura (FCC), uma reuni\u00e3o intersetorial direcionada para o Pr\u00e9-Carnaval Multicultural 2024, que&hellip;<\/p>\n","protected":false},"author":1,"featured_media":104482,"comment_status":"closed","ping_status":"open","sticky":false,"template":"","format":"standard","meta":{"footnotes":""},"categories":[14120],"tags":[29440,2,28801,3406,29524],"class_list":["post-104481","post","type-post","status-publish","format-standard","has-post-thumbnail","hentry","category-noticias","tag-blog-com-mais-visualizacao","tag-blog-do-edvaldo-magalhaes","tag-blog-mais-acessado","tag-caruaru","tag-pre-carnaval-multicultural-2024-de-caruaru-tem-reuniao-e-visita-tecnica-nos-polos-de-animacao"],"_links":{"self":[{"href":"https:\/\/blogdoedvaldomagalhaes.com.br\/index.php\/wp-json\/wp\/v2\/posts\/104481","targetHints":{"allow":["GET"]}}],"collection":[{"href":"https:\/\/blogdoedvaldomagalhaes.com.br\/index.php\/wp-json\/wp\/v2\/posts"}],"about":[{"href":"https:\/\/blogdoedvaldomagalhaes.com.br\/index.php\/wp-json\/wp\/v2\/types\/post"}],"author":[{"embeddable":true,"href":"https:\/\/blogdoedvaldomagalhaes.com.br\/index.php\/wp-json\/wp\/v2\/users\/1"}],"replies":[{"embeddable":true,"href":"https:\/\/blogdoedvaldomagalhaes.com.br\/index.php\/wp-json\/wp\/v2\/comments?post=104481"}],"version-history":[{"count":1,"href":"https:\/\/blogdoedvaldomagalhaes.com.br\/index.php\/wp-json\/wp\/v2\/posts\/104481\/revisions"}],"predecessor-version":[{"id":104483,"href":"https:\/\/blogdoedvaldomagalhaes.com.br\/index.php\/wp-json\/wp\/v2\/posts\/104481\/revisions\/104483"}],"wp:featuredmedia":[{"embeddable":true,"href":"https:\/\/blogdoedvaldomagalhaes.com.br\/index.php\/wp-json\/wp\/v2\/media\/104482"}],"wp:attachment":[{"href":"https:\/\/blogdoedvaldomagalhaes.com.br\/index.php\/wp-json\/wp\/v2\/media?parent=104481"}],"wp:term":[{"taxonomy":"category","embeddable":true,"href":"https:\/\/blogdoedvaldomagalhaes.com.br\/index.php\/wp-json\/wp\/v2\/categories?post=104481"},{"taxonomy":"post_tag","embeddable":true,"href":"https:\/\/blogdoedvaldomagalhaes.com.br\/index.php\/wp-json\/wp\/v2\/tags?post=104481"}],"curies":[{"name":"wp","href":"https:\/\/api.w.org\/{rel}","templated":true}]}}