{"id":104478,"date":"2024-01-13T08:56:48","date_gmt":"2024-01-13T11:56:48","guid":{"rendered":"https:\/\/blogdoedvaldomagalhaes.com.br\/?p=104478"},"modified":"2024-01-13T08:56:49","modified_gmt":"2024-01-13T11:56:49","slug":"1-milhao-de-refeicoes-e-18-mil-kits-pedagogicos-compromisso-da-lbv-para-iniciar-2024","status":"publish","type":"post","link":"https:\/\/blogdoedvaldomagalhaes.com.br\/index.php\/2024\/01\/13\/1-milhao-de-refeicoes-e-18-mil-kits-pedagogicos-compromisso-da-lbv-para-iniciar-2024\/","title":{"rendered":"1 milh\u00e3o de refei\u00e7\u00f5es e 18 mil kits pedag\u00f3gicos: compromisso da LBV para iniciar 2024"},"content":{"rendered":"<p>A Legi\u00e3o da Boa Vontade (LBV) iniciou, neste 2 de janeiro, uma das maiores mobiliza\u00e7\u00f5es sociais no Brasil para contribuir para a educa\u00e7\u00e3o de crian\u00e7as e adolescentes em vulnerabilidade social. No pa\u00eds, 32 milh\u00f5es de meninas e meninos s\u00e3o impactados pela situa\u00e7\u00e3o de pobreza em suas m\u00faltiplas dimens\u00f5es \u2014 o que os deixam mais vulner\u00e1veis \u00e0 falta de saneamento b\u00e1sico, \u00e0 restri\u00e7\u00e3o alimentar e ao acesso \u00e0 sala de aula e ao trabalho infantil, por exemplo. Um milh\u00e3o desses n\u00e3o frequenta os bancos escolares.<br \/>\nComo mais uma forma de contribuir para reverter esse cen\u00e1rio, a Institui\u00e7\u00e3o lan\u00e7a a sua tradicional campanha LBV \u2014 Educa\u00e7\u00e3o: Futuro no Presente!, com o intuito de amenizar as desigualdades sociais provenientes do aumento dos n\u00edveis de pobreza e da fome no pa\u00eds.<br \/>\nNessa iniciativa, a Obra arrecadar\u00e1 e entregar\u00e1 18 mil kits pedag\u00f3gicos a crian\u00e7as e adolescentes, que s\u00e3o acompanhados pelos servi\u00e7os e programas socioeducacionais da Legi\u00e3o da Boa Vontade e os assistidos por entidades parceiras em todo o pa\u00eds. Uma ajuda e tanto para as fam\u00edlias em situa\u00e7\u00e3o de vulnerabilidade social que n\u00e3o possuem recursos para a compra de material escolar.<br \/>\nOutro compromisso importante \u00e9 oferecer mais de 1 milh\u00e3o de refei\u00e7\u00f5es, nos primeiros meses do ano, a crian\u00e7as e adolescentes atendidos em suas unidades socioeducacionais. Afinal de contas, a boa alimenta\u00e7\u00e3o na inf\u00e2ncia e na adolesc\u00eancia est\u00e1 diretamente relacionada ao desenvolvimento f\u00edsico, mental e intelectual dos estudantes e representa reflexos a longo prazo que os acompanhar\u00e3o durante a vida.<\/p>\n<p>Para cumprir com esse prop\u00f3sito, sua atitude faz toda a diferen\u00e7a. Da\u00ed o convite da Legi\u00e3o da Boa Vontade para que voc\u00ea participe dessa a\u00e7\u00e3o solid\u00e1ria. Essa campanha contribui com a melhoria na Educa\u00e7\u00e3o e para a seguran\u00e7a alimentar das fam\u00edlias. Garanta um futuro melhor no presente para milhares de meninas e meninos. Por isso, \u201cquando a LBV chamar, atenda com o cora\u00e7\u00e3o: DIGA SIM!\u201d Saiba mais em www.lbv.org e fa\u00e7a sua doa\u00e7\u00e3o. Foto: Divulga\u00e7\u00e3o <\/p>\n","protected":false},"excerpt":{"rendered":"<p>A Legi\u00e3o da Boa Vontade (LBV) iniciou, neste 2 de janeiro, uma das maiores mobiliza\u00e7\u00f5es sociais no Brasil para contribuir&hellip;<\/p>\n","protected":false},"author":1,"featured_media":104479,"comment_status":"closed","ping_status":"open","sticky":false,"template":"","format":"standard","meta":{"footnotes":""},"categories":[14120],"tags":[29523,29440,2,28801,3406],"class_list":["post-104478","post","type-post","status-publish","format-standard","has-post-thumbnail","hentry","category-noticias","tag-1-milhao-de-refeicoes-e-18-mil-kits-pedagogicos-compromisso-da-lbv-para-iniciar-2024","tag-blog-com-mais-visualizacao","tag-blog-do-edvaldo-magalhaes","tag-blog-mais-acessado","tag-caruaru"],"_links":{"self":[{"href":"https:\/\/blogdoedvaldomagalhaes.com.br\/index.php\/wp-json\/wp\/v2\/posts\/104478","targetHints":{"allow":["GET"]}}],"collection":[{"href":"https:\/\/blogdoedvaldomagalhaes.com.br\/index.php\/wp-json\/wp\/v2\/posts"}],"about":[{"href":"https:\/\/blogdoedvaldomagalhaes.com.br\/index.php\/wp-json\/wp\/v2\/types\/post"}],"author":[{"embeddable":true,"href":"https:\/\/blogdoedvaldomagalhaes.com.br\/index.php\/wp-json\/wp\/v2\/users\/1"}],"replies":[{"embeddable":true,"href":"https:\/\/blogdoedvaldomagalhaes.com.br\/index.php\/wp-json\/wp\/v2\/comments?post=104478"}],"version-history":[{"count":1,"href":"https:\/\/blogdoedvaldomagalhaes.com.br\/index.php\/wp-json\/wp\/v2\/posts\/104478\/revisions"}],"predecessor-version":[{"id":104480,"href":"https:\/\/blogdoedvaldomagalhaes.com.br\/index.php\/wp-json\/wp\/v2\/posts\/104478\/revisions\/104480"}],"wp:featuredmedia":[{"embeddable":true,"href":"https:\/\/blogdoedvaldomagalhaes.com.br\/index.php\/wp-json\/wp\/v2\/media\/104479"}],"wp:attachment":[{"href":"https:\/\/blogdoedvaldomagalhaes.com.br\/index.php\/wp-json\/wp\/v2\/media?parent=104478"}],"wp:term":[{"taxonomy":"category","embeddable":true,"href":"https:\/\/blogdoedvaldomagalhaes.com.br\/index.php\/wp-json\/wp\/v2\/categories?post=104478"},{"taxonomy":"post_tag","embeddable":true,"href":"https:\/\/blogdoedvaldomagalhaes.com.br\/index.php\/wp-json\/wp\/v2\/tags?post=104478"}],"curies":[{"name":"wp","href":"https:\/\/api.w.org\/{rel}","templated":true}]}}