{"id":104473,"date":"2024-01-12T20:46:23","date_gmt":"2024-01-12T23:46:23","guid":{"rendered":"https:\/\/blogdoedvaldomagalhaes.com.br\/?p=104473"},"modified":"2024-01-13T08:35:53","modified_gmt":"2024-01-13T11:35:53","slug":"populacao-em-situacao-de-rua-recebe-atendimentos-da-sdsdh-em-caruaru","status":"publish","type":"post","link":"https:\/\/blogdoedvaldomagalhaes.com.br\/index.php\/2024\/01\/12\/populacao-em-situacao-de-rua-recebe-atendimentos-da-sdsdh-em-caruaru\/","title":{"rendered":"Popula\u00e7\u00e3o em situa\u00e7\u00e3o de rua recebe atendimentos da SDSDH, em Caruaru"},"content":{"rendered":"<p><span style=\"font-size: revert;\">A Prefeitura de Caruaru, por meio da Secretaria de Desenvolvimento Social e Direitos Humanos (SDSDH), com a equipe de Abordagem Social para atendimentos \u00e0s pessoas em situa\u00e7\u00e3o de rua, em parceria com a Secretaria Municipal de Sa\u00fade (SMS), uniu esfor\u00e7os na realiza\u00e7\u00e3o de uma s\u00e9rie de a\u00e7\u00f5es dedicadas ao atendimento da popula\u00e7\u00e3o em situa\u00e7\u00e3o de rua. Os servi\u00e7os foram realizados no Marco Zero, nesta sexta-feira (12\/01).<\/span><\/p>\n<p><strong>Principais atendimentos oferecidos:<\/strong><\/p>\n<p>Cadastro \u00danico (Cad\u00danico): A equipe esteve dispon\u00edvel para realizar cadastros e atualiza\u00e7\u00f5es, garantindo o acesso aos programas sociais e benef\u00edcios dispon\u00edveis.<\/p>\n<p>Documenta\u00e7\u00e3o Civil: Servi\u00e7os voltados \u00e0 regulariza\u00e7\u00e3o documental, como emiss\u00e3o de RG, assegurando a identidade e cidadania dos indiv\u00edduos atendidos.<\/p>\n<p>Odonto M\u00f3vel: Um consult\u00f3rio odontol\u00f3gico m\u00f3vel esteve em opera\u00e7\u00e3o, proporcionando cuidados dent\u00e1rios essenciais para a popula\u00e7\u00e3o em situa\u00e7\u00e3o de rua.<\/p>\n<p>Servi\u00e7o Psicol\u00f3gico: Profissionais capacitados ofereceram apoio emocional e psicol\u00f3gico, reconhecendo a import\u00e2ncia do bem-estar mental.<\/p>\n<p>\u201cEssa colabora\u00e7\u00e3o intersetorial destaca o compromisso conjunto na busca por solu\u00e7\u00f5es abrangentes para quest\u00f5es sociais cr\u00edticas, refor\u00e7ando a import\u00e2ncia de levar servi\u00e7os essenciais diretamente aos que mais necessitam, visando uma sociedade mais justa e inclusiva. Para tanto, seguiremos um cronograma com atividades de a\u00e7\u00f5es para as pessoas em situa\u00e7\u00e3o de rua durante todo o ano de 2024\u201d, disse a Gerente da Prote\u00e7\u00e3o Social Especial, Ana Paula. Foto: Felipe Correia.<\/p>\n<p>Seja seguidor do Instagram do Blog @blogdoedvaldomagalhaes<\/p>\n","protected":false},"excerpt":{"rendered":"<p>A Prefeitura de Caruaru, por meio da Secretaria de Desenvolvimento Social e Direitos Humanos (SDSDH), com a equipe de Abordagem&hellip;<\/p>\n","protected":false},"author":1,"featured_media":104475,"comment_status":"closed","ping_status":"open","sticky":false,"template":"","format":"standard","meta":{"footnotes":""},"categories":[14120],"tags":[29440,2,28801,3406,29522],"class_list":["post-104473","post","type-post","status-publish","format-standard","has-post-thumbnail","hentry","category-noticias","tag-blog-com-mais-visualizacao","tag-blog-do-edvaldo-magalhaes","tag-blog-mais-acessado","tag-caruaru","tag-populacao-em-situacao-de-rua-recebe-atendimentos-da-sdsdh-em-caruaru"],"_links":{"self":[{"href":"https:\/\/blogdoedvaldomagalhaes.com.br\/index.php\/wp-json\/wp\/v2\/posts\/104473","targetHints":{"allow":["GET"]}}],"collection":[{"href":"https:\/\/blogdoedvaldomagalhaes.com.br\/index.php\/wp-json\/wp\/v2\/posts"}],"about":[{"href":"https:\/\/blogdoedvaldomagalhaes.com.br\/index.php\/wp-json\/wp\/v2\/types\/post"}],"author":[{"embeddable":true,"href":"https:\/\/blogdoedvaldomagalhaes.com.br\/index.php\/wp-json\/wp\/v2\/users\/1"}],"replies":[{"embeddable":true,"href":"https:\/\/blogdoedvaldomagalhaes.com.br\/index.php\/wp-json\/wp\/v2\/comments?post=104473"}],"version-history":[{"count":1,"href":"https:\/\/blogdoedvaldomagalhaes.com.br\/index.php\/wp-json\/wp\/v2\/posts\/104473\/revisions"}],"predecessor-version":[{"id":104476,"href":"https:\/\/blogdoedvaldomagalhaes.com.br\/index.php\/wp-json\/wp\/v2\/posts\/104473\/revisions\/104476"}],"wp:featuredmedia":[{"embeddable":true,"href":"https:\/\/blogdoedvaldomagalhaes.com.br\/index.php\/wp-json\/wp\/v2\/media\/104475"}],"wp:attachment":[{"href":"https:\/\/blogdoedvaldomagalhaes.com.br\/index.php\/wp-json\/wp\/v2\/media?parent=104473"}],"wp:term":[{"taxonomy":"category","embeddable":true,"href":"https:\/\/blogdoedvaldomagalhaes.com.br\/index.php\/wp-json\/wp\/v2\/categories?post=104473"},{"taxonomy":"post_tag","embeddable":true,"href":"https:\/\/blogdoedvaldomagalhaes.com.br\/index.php\/wp-json\/wp\/v2\/tags?post=104473"}],"curies":[{"name":"wp","href":"https:\/\/api.w.org\/{rel}","templated":true}]}}