{"id":104470,"date":"2024-01-12T19:02:08","date_gmt":"2024-01-12T22:02:08","guid":{"rendered":"https:\/\/blogdoedvaldomagalhaes.com.br\/?p=104470"},"modified":"2024-01-12T19:02:09","modified_gmt":"2024-01-12T22:02:09","slug":"carnaval-2024-ja-comecou-em-pernambuco-secult-pe-e-fundarpe-promovem-grade-cultural-neste-fim-de-semana","status":"publish","type":"post","link":"https:\/\/blogdoedvaldomagalhaes.com.br\/index.php\/2024\/01\/12\/carnaval-2024-ja-comecou-em-pernambuco-secult-pe-e-fundarpe-promovem-grade-cultural-neste-fim-de-semana\/","title":{"rendered":"Carnaval 2024 j\u00e1 come\u00e7ou em Pernambuco:  Secult-PE e Fundarpe promovem grade cultural neste fim de semana"},"content":{"rendered":"<p style=\"font-weight: 400;\"><span style=\"font-size: revert;\">Faltando menos de um m\u00eas para o in\u00edcio do Carnaval, o Governo de Pernambuco, por meio da Secretaria Estadual de Cultura (Secult-PE) e da Funda\u00e7\u00e3o do Patrim\u00f4nio Hist\u00f3rico e Art\u00edstico de Pernambuco (Fundarpe), j\u00e1 inicia neste fim de semana as celebra\u00e7\u00f5es da folia de Momo com programa\u00e7\u00f5es gratuitas em diversas regi\u00f5es do Estado. Al\u00e9m da fase de contrata\u00e7\u00f5es de artistas selecionados via edital para a programa\u00e7\u00e3o do Carnaval de Pernambuco, h\u00e1 uma s\u00e9rie de eventos pr\u00e9-carnavalescos apoiados pela Fundarpe.<\/span><\/p>\n<p style=\"font-weight: 400;\">Entre as a\u00e7\u00f5es apoiadas com recursos estaduais, destacam-se na grade deste fim de semana os eventos \u201c\u00c1guas de Oxal\u00e1\u201d, que acontece neste domingo (14), na Rua do Bonfim, em Olinda; e o \u201cFestival O Canto da Sereia\u201d, desta sexta-feira (12) a domingo (14), na Praia de Jaguaribe, em Itamarac\u00e1, iniciativa produzida com incentivo do Funcultura em comemora\u00e7\u00e3o aos 80 anos de Lia de Itamarac\u00e1, Patrim\u00f4nio Vivo de Pernambuco e homenageada do Carnaval pernambucano deste ano \u2013 juntamente com Alceu Valen\u00e7a e Claudionor Germano.<\/p>\n<p style=\"font-weight: 400;\"><strong data-removefontsize=\"true\" data-originalcomputedfontsize=\"16\">O CANTO DA SEREIA \u2013<\/strong> Artista ic\u00f4nica da cultura popular brasileira, Lia de Itamarac\u00e1 chega gloriosa a seus 80 anos de vida. Uma longevidade que a consagra decana da cultura popular de Pernambuco. Uma artista que carrega os s\u00edmbolos de um Brasil profundo e que nos fala de identidade, cultura popular, celebra\u00e7\u00e3o, ra\u00e7a, feminismo e da sabedoria que s\u00f3 recebemos quando ouvimos os mais velhos.<\/p>\n<p style=\"font-weight: 400;\">\u201cEu estou achando tudo uma maravilha. Estou muito feliz, alegre e me sentindo muito amada, porque estou recebendo em vida essa homenagem e esse reconhecimento de todos que conhecem minha luta e minha hist\u00f3ria\u201d, afirma Lia de Itamarac\u00e1.<\/p>\n<p style=\"font-weight: 400;\">A nova idade de Dona Lia \u00e9 comemorada com uma festa \u00e0 altura das dimens\u00f5es que sua arte carrega. O anivers\u00e1rio, nesta sexta-feira (12), marca a abertura do festival O Canto da Sereia, que segue at\u00e9 o domingo (14), na Praia de Jaguaribe, em Itamarac\u00e1 (PE), no Litoral Norte do Estado. Em sua terceira edi\u00e7\u00e3o, o festival chega em um formato especial que dialoga com todas as linguagens art\u00edsticas que Lia inspira com sua ciranda: m\u00fasica, dan\u00e7a, religiosidade, audiovisual, moda, literatura e muita festa. Saiba mais <strong><a href=\"https:\/\/www.cultura.pe.gov.br\/canal\/culturapopular\/festival-o-canto-da-sereia-marca-80-anos-de-ciranda-e-resistencia-de-lia-de-itamaraca\/\" data-saferedirecturl=\"https:\/\/www.google.com\/url?q=https:\/\/www.cultura.pe.gov.br\/canal\/culturapopular\/festival-o-canto-da-sereia-marca-80-anos-de-ciranda-e-resistencia-de-lia-de-itamaraca\/&amp;source=gmail&amp;ust=1705180382621000&amp;usg=AOvVaw3katCFTeC5Mv_1Lyky0OfC\"><span data-removefontsize=\"true\" data-originalcomputedfontsize=\"16\">aqui<\/span><\/a><\/strong>.<\/p>\n<p style=\"font-weight: 400;\"><strong data-removefontsize=\"true\" data-originalcomputedfontsize=\"16\">\u00c1GUAS DE OXAL\u00c1 &#8211;<\/strong> Tradi\u00e7\u00e3o do calend\u00e1rio tur\u00edstico-cultural de Olinda, o evento chega \u00e0 sua 44\u00aa edi\u00e7\u00e3o, neste domingo (14), \u00e0s 14h, com o tema \u201cNossa raiz, nossa cor\u201d. \u00c1guas de Oxal\u00e1 \u00e9 uma iniciativa em rever\u00eancia a Oxal\u00e1, que na Igreja Cat\u00f3lica \u00e9 o Senhor do Bonfim, regente da paz e da prosperidade. A festa acontece para sacralizar a cidade de Olinda, trazendo b\u00ean\u00e7\u00e3os a todos os turistas e pessoas que guardam as tradi\u00e7\u00f5es de culto ao divino em suas diferentes express\u00f5es. Saiba mais sobre o evento <strong><a href=\"https:\/\/www.cultura.pe.gov.br\/canal\/patrimonio-cultural-2\/rua-do-bonfim-em-olinda-recebe-as-bencaos-de-oxala\/\" data-saferedirecturl=\"https:\/\/www.google.com\/url?q=https:\/\/www.cultura.pe.gov.br\/canal\/patrimonio-cultural-2\/rua-do-bonfim-em-olinda-recebe-as-bencaos-de-oxala\/&amp;source=gmail&amp;ust=1705180382621000&amp;usg=AOvVaw1WqWnza0LDbcRc0sI1cioL\"><span data-removefontsize=\"true\" data-originalcomputedfontsize=\"16\">aqui<\/span><\/a><\/strong>.<\/p>\n<p style=\"font-weight: 400;\"><strong data-removefontsize=\"true\" data-originalcomputedfontsize=\"16\">CONTRATA\u00c7\u00d5ES &#8211;<\/strong> O Edital de Convocat\u00f3ria do Ciclo Carnavalesco 2024, lan\u00e7ado pela Secult-PE e Fundarpe, junto \u00e0 Secretaria Estadual de Turismo (Setur-PE) e Empresa de Turismo de Pernambuco (Empetur), contou com de 1,5 mil inscri\u00e7\u00f5es e praticamente 1,3 mil foram habilitadas, em um total de quase 80% das inscri\u00e7\u00f5es. \u201cIsso quer dizer que vamos ter um Carnaval ainda maior, mais inclusivo, mais democr\u00e1tico, e com a participa\u00e7\u00e3o de muito mais brincantes do que temos historicamente. O Carnaval de Pernambuco n\u00e3o se explica. Se vive!\u201d, celebra Carla Pereira, gerente de Produ\u00e7\u00e3o e A\u00e7\u00f5es Culturais da Fundarpe.\u00a0Saiba mais <strong><a href=\"https:\/\/www.cultura.pe.gov.br\/canal\/patrimonio-cultural-2\/resultado-dos-recursos-do-edital-do-carnaval-e-divulgado-e-ja-comecam-as-contratacoes\/\" data-saferedirecturl=\"https:\/\/www.google.com\/url?q=https:\/\/www.cultura.pe.gov.br\/canal\/patrimonio-cultural-2\/resultado-dos-recursos-do-edital-do-carnaval-e-divulgado-e-ja-comecam-as-contratacoes\/&amp;source=gmail&amp;ust=1705180382621000&amp;usg=AOvVaw02eAE2cvzR_pbkynp79Y8g\"><span data-removefontsize=\"true\" data-originalcomputedfontsize=\"16\">aqui<\/span><\/a><\/strong>.<\/p>\n<p>Foto: Divulga\u00e7\u00e3o.<\/p>\n<p>Seja seguidor do Instagram do do Blog @blogdoedvaldomagalhaes<\/p>\n","protected":false},"excerpt":{"rendered":"<p>Faltando menos de um m\u00eas para o in\u00edcio do Carnaval, o Governo de Pernambuco, por meio da Secretaria Estadual de&hellip;<\/p>\n","protected":false},"author":1,"featured_media":104471,"comment_status":"closed","ping_status":"open","sticky":false,"template":"","format":"standard","meta":{"footnotes":""},"categories":[14120],"tags":[29440,2,28801,29521,3406],"class_list":["post-104470","post","type-post","status-publish","format-standard","has-post-thumbnail","hentry","category-noticias","tag-blog-com-mais-visualizacao","tag-blog-do-edvaldo-magalhaes","tag-blog-mais-acessado","tag-carnaval-2024-ja-comecou-em-pernambuco-secult-pe-e-fundarpe-promovem-grade-cultural-neste-fim-de-semana","tag-caruaru"],"_links":{"self":[{"href":"https:\/\/blogdoedvaldomagalhaes.com.br\/index.php\/wp-json\/wp\/v2\/posts\/104470","targetHints":{"allow":["GET"]}}],"collection":[{"href":"https:\/\/blogdoedvaldomagalhaes.com.br\/index.php\/wp-json\/wp\/v2\/posts"}],"about":[{"href":"https:\/\/blogdoedvaldomagalhaes.com.br\/index.php\/wp-json\/wp\/v2\/types\/post"}],"author":[{"embeddable":true,"href":"https:\/\/blogdoedvaldomagalhaes.com.br\/index.php\/wp-json\/wp\/v2\/users\/1"}],"replies":[{"embeddable":true,"href":"https:\/\/blogdoedvaldomagalhaes.com.br\/index.php\/wp-json\/wp\/v2\/comments?post=104470"}],"version-history":[{"count":1,"href":"https:\/\/blogdoedvaldomagalhaes.com.br\/index.php\/wp-json\/wp\/v2\/posts\/104470\/revisions"}],"predecessor-version":[{"id":104472,"href":"https:\/\/blogdoedvaldomagalhaes.com.br\/index.php\/wp-json\/wp\/v2\/posts\/104470\/revisions\/104472"}],"wp:featuredmedia":[{"embeddable":true,"href":"https:\/\/blogdoedvaldomagalhaes.com.br\/index.php\/wp-json\/wp\/v2\/media\/104471"}],"wp:attachment":[{"href":"https:\/\/blogdoedvaldomagalhaes.com.br\/index.php\/wp-json\/wp\/v2\/media?parent=104470"}],"wp:term":[{"taxonomy":"category","embeddable":true,"href":"https:\/\/blogdoedvaldomagalhaes.com.br\/index.php\/wp-json\/wp\/v2\/categories?post=104470"},{"taxonomy":"post_tag","embeddable":true,"href":"https:\/\/blogdoedvaldomagalhaes.com.br\/index.php\/wp-json\/wp\/v2\/tags?post=104470"}],"curies":[{"name":"wp","href":"https:\/\/api.w.org\/{rel}","templated":true}]}}