{"id":104465,"date":"2024-01-12T18:40:24","date_gmt":"2024-01-12T21:40:24","guid":{"rendered":"https:\/\/blogdoedvaldomagalhaes.com.br\/?p=104465"},"modified":"2024-01-12T18:53:44","modified_gmt":"2024-01-12T21:53:44","slug":"campanha-salarial-2024-dos-vigilantes-primeira-rodada-de-negociacoes","status":"publish","type":"post","link":"https:\/\/blogdoedvaldomagalhaes.com.br\/index.php\/2024\/01\/12\/campanha-salarial-2024-dos-vigilantes-primeira-rodada-de-negociacoes\/","title":{"rendered":"Campanha Salarial 2024 dos Vigilantes: primeira rodada de negocia\u00e7\u00f5es"},"content":{"rendered":"<p>As negocia\u00e7\u00f5es da campanha salarial 2024 j\u00e1 iniciaram. \u201c\u00c9 de extrema import\u00e2ncia a MOBILIZA\u00c7\u00c3O e APOIO de toda a categoria nesta causa que \u00e9 de TODOS e para TODOS trabalhadores vigilantes! Confira as principais reivindica\u00e7\u00f5es aprovadadas em assembleia e venha conosco na luta por mais direitos, respeito e dignidade! Unidos somos mais Fortes!\u201d, afirmou Jo\u00e3o Rodrigues Flor\u00eancio.<\/p>\n<p>No dia 07 de Outubro de 2023, na sede do SINDESV-PE, os Vigilantes Patrimoniais compareceram a realiza\u00e7\u00e3o da Assembleia Geral da Campanha Salarial 2024 para debater sobre as reivindica\u00e7\u00f5es da categoria. A presen\u00e7a de todos foi fundamental na infinda luta pelos direitos como trabalhadores. A <span style=\"font-size: revert;\">Plen\u00e1ria da Assembleia aprovou a seguinte Pauta de Reivindica\u00e7\u00f5es:<\/span><\/p>\n<p>Manuten\u00e7\u00e3o das Conquistas da Categoria e em todos os n\u00edveis estaduais, regionais e nacionais, em caso das poss\u00edveis demandas na justi\u00e7a Especializada do Trabalho, incluindo-se as Dispostas na Atual Aven\u00e7a Coletiva 2023;<br \/>\nReajuste Salarial para todos os representados do Segmento Patrimonial (Operacionais e Administrativos) no Percentual de 12% (doze por cento) a partir de janeiro de 2024;<br \/>\nCesta b\u00e1sica no valor de R$ 150,00 (cento e cinquenta reais);<\/p>\n<p>Reajuste do Vale Alimenta\u00e7\u00e3o no percentual de 12% (doze por cento), R$ 40,60 (quarenta reais e sessenta centavos);<br \/>\nConcess\u00e3o do Vale Alimenta\u00e7\u00e3o no per\u00edodo de f\u00e9rias;<br \/>\nFixa\u00e7\u00e3o de data limite para pagamento do vale alimenta\u00e7\u00e3o, sendo sugerido o 1\u00ba(primeiro) dia \u00fatil do m\u00eas;<br \/>\nFeriado em dobro na escala 12X36;<br \/>\nHomologa\u00e7\u00e3o das rescis\u00f5es no sindicato;<br \/>\nEstabilidade no trabalho de 1 ano nos casos em que o trabalhador estiver pr\u00f3ximo de completar o tempo de servi\u00e7o necess\u00e1rio para aposentadoria. Foto: Divulga\u00e7\u00e3o.<\/p>\n<p>Seja seguidor do Instagram do Blog para comentar @blogdoedvaldomagalhaes<\/p>\n","protected":false},"excerpt":{"rendered":"<p>As negocia\u00e7\u00f5es da campanha salarial 2024 j\u00e1 iniciaram. \u201c\u00c9 de extrema import\u00e2ncia a MOBILIZA\u00c7\u00c3O e APOIO de toda a categoria&hellip;<\/p>\n","protected":false},"author":1,"featured_media":104466,"comment_status":"closed","ping_status":"open","sticky":false,"template":"","format":"standard","meta":{"footnotes":""},"categories":[14120],"tags":[29440,2,28801,3406],"class_list":["post-104465","post","type-post","status-publish","format-standard","has-post-thumbnail","hentry","category-noticias","tag-blog-com-mais-visualizacao","tag-blog-do-edvaldo-magalhaes","tag-blog-mais-acessado","tag-caruaru"],"_links":{"self":[{"href":"https:\/\/blogdoedvaldomagalhaes.com.br\/index.php\/wp-json\/wp\/v2\/posts\/104465","targetHints":{"allow":["GET"]}}],"collection":[{"href":"https:\/\/blogdoedvaldomagalhaes.com.br\/index.php\/wp-json\/wp\/v2\/posts"}],"about":[{"href":"https:\/\/blogdoedvaldomagalhaes.com.br\/index.php\/wp-json\/wp\/v2\/types\/post"}],"author":[{"embeddable":true,"href":"https:\/\/blogdoedvaldomagalhaes.com.br\/index.php\/wp-json\/wp\/v2\/users\/1"}],"replies":[{"embeddable":true,"href":"https:\/\/blogdoedvaldomagalhaes.com.br\/index.php\/wp-json\/wp\/v2\/comments?post=104465"}],"version-history":[{"count":2,"href":"https:\/\/blogdoedvaldomagalhaes.com.br\/index.php\/wp-json\/wp\/v2\/posts\/104465\/revisions"}],"predecessor-version":[{"id":104469,"href":"https:\/\/blogdoedvaldomagalhaes.com.br\/index.php\/wp-json\/wp\/v2\/posts\/104465\/revisions\/104469"}],"wp:featuredmedia":[{"embeddable":true,"href":"https:\/\/blogdoedvaldomagalhaes.com.br\/index.php\/wp-json\/wp\/v2\/media\/104466"}],"wp:attachment":[{"href":"https:\/\/blogdoedvaldomagalhaes.com.br\/index.php\/wp-json\/wp\/v2\/media?parent=104465"}],"wp:term":[{"taxonomy":"category","embeddable":true,"href":"https:\/\/blogdoedvaldomagalhaes.com.br\/index.php\/wp-json\/wp\/v2\/categories?post=104465"},{"taxonomy":"post_tag","embeddable":true,"href":"https:\/\/blogdoedvaldomagalhaes.com.br\/index.php\/wp-json\/wp\/v2\/tags?post=104465"}],"curies":[{"name":"wp","href":"https:\/\/api.w.org\/{rel}","templated":true}]}}