{"id":104462,"date":"2024-01-12T18:24:50","date_gmt":"2024-01-12T21:24:50","guid":{"rendered":"https:\/\/blogdoedvaldomagalhaes.com.br\/?p=104462"},"modified":"2024-01-12T18:24:51","modified_gmt":"2024-01-12T21:24:51","slug":"amor-pela-natureza-sera-promovido-em-parques-ambientais-de-caruaru","status":"publish","type":"post","link":"https:\/\/blogdoedvaldomagalhaes.com.br\/index.php\/2024\/01\/12\/amor-pela-natureza-sera-promovido-em-parques-ambientais-de-caruaru\/","title":{"rendered":"Amor pela natureza ser\u00e1 promovido em Parques Ambientais de Caruaru"},"content":{"rendered":"<p><span style=\"font-size: revert;\">Eventos especiais para o per\u00edodo de f\u00e9rias da crian\u00e7ada ser\u00e3o realizados na pr\u00f3xima semana, nos Parques Ambientais Pedro do Amor (Rendeiras) e Severino Montenegro (Indian\u00f3polis), para promover o amor pela natureza. A iniciativa \u00e9 da Prefeitura de Caruaru, por meio da Secretaria de Servi\u00e7os P\u00fablicos e Sustentabilidade (SESP), que convida a popula\u00e7\u00e3o, em especial as crian\u00e7as, para celebrar as f\u00e9rias com lazer e informa\u00e7\u00e3o.<\/span><\/p>\n<p>Ser\u00e3o dois momentos: No Parque Pedro do Amor, no bairro Rendeiras, o evento ser\u00e1 na ter\u00e7a-feira (16); j\u00e1 no Parque Ambientalista Severino Montenegro, no bairro Indian\u00f3polis, na quinta-feira (18). As a\u00e7\u00f5es come\u00e7ar\u00e3o \u00e0s 10h, em ambos os parques. O objetivo \u00e9 criar mem\u00f3rias inesquec\u00edveis, enquanto as crian\u00e7as cuidam do planeta, com divers\u00e3o e aprendizado.<\/p>\n<p>Durante os eventos, haver\u00e1 plantios simb\u00f3licos de mudas nativas, atividades educativas para as crian\u00e7as sobre meio ambiente e divers\u00e3o para toda a fam\u00edlia. \u201cEssas a\u00e7\u00f5es t\u00eam o intuito de promover a consci\u00eancia ambiental desde cedo, al\u00e9m de fortalecer la\u00e7os comunit\u00e1rios e contribuir para um ambiente mais verde e mais saud\u00e1vel\u201d, ressaltou o secret\u00e1rio de Servi\u00e7os P\u00fablicos e Sustentabilidade, Manoel \u00c1vila.<\/p>\n<p>Para participar basta vestir-se confortavelmente para usufruir das atividades ao ar livre, usar protetor solar e n\u00e3o esquecer a garrafinha com \u00e1gua para hidratar-se. Os eventos s\u00e3o abertos para toda a popula\u00e7\u00e3o. Foto: Divulga\u00e7\u00e3o\/PMC.<\/p>\n<p>Seja seguidor do Instagram do Blog @blogdoedvaldomagalhaes<\/p>\n","protected":false},"excerpt":{"rendered":"<p>Eventos especiais para o per\u00edodo de f\u00e9rias da crian\u00e7ada ser\u00e3o realizados na pr\u00f3xima semana, nos Parques Ambientais Pedro do Amor&hellip;<\/p>\n","protected":false},"author":1,"featured_media":104463,"comment_status":"closed","ping_status":"open","sticky":false,"template":"","format":"standard","meta":{"footnotes":""},"categories":[14120],"tags":[29520,29440,2,28801,3406],"class_list":["post-104462","post","type-post","status-publish","format-standard","has-post-thumbnail","hentry","category-noticias","tag-amor-pela-natureza-sera-promovido-em-parques-ambientais-de-caruaru","tag-blog-com-mais-visualizacao","tag-blog-do-edvaldo-magalhaes","tag-blog-mais-acessado","tag-caruaru"],"_links":{"self":[{"href":"https:\/\/blogdoedvaldomagalhaes.com.br\/index.php\/wp-json\/wp\/v2\/posts\/104462","targetHints":{"allow":["GET"]}}],"collection":[{"href":"https:\/\/blogdoedvaldomagalhaes.com.br\/index.php\/wp-json\/wp\/v2\/posts"}],"about":[{"href":"https:\/\/blogdoedvaldomagalhaes.com.br\/index.php\/wp-json\/wp\/v2\/types\/post"}],"author":[{"embeddable":true,"href":"https:\/\/blogdoedvaldomagalhaes.com.br\/index.php\/wp-json\/wp\/v2\/users\/1"}],"replies":[{"embeddable":true,"href":"https:\/\/blogdoedvaldomagalhaes.com.br\/index.php\/wp-json\/wp\/v2\/comments?post=104462"}],"version-history":[{"count":1,"href":"https:\/\/blogdoedvaldomagalhaes.com.br\/index.php\/wp-json\/wp\/v2\/posts\/104462\/revisions"}],"predecessor-version":[{"id":104464,"href":"https:\/\/blogdoedvaldomagalhaes.com.br\/index.php\/wp-json\/wp\/v2\/posts\/104462\/revisions\/104464"}],"wp:featuredmedia":[{"embeddable":true,"href":"https:\/\/blogdoedvaldomagalhaes.com.br\/index.php\/wp-json\/wp\/v2\/media\/104463"}],"wp:attachment":[{"href":"https:\/\/blogdoedvaldomagalhaes.com.br\/index.php\/wp-json\/wp\/v2\/media?parent=104462"}],"wp:term":[{"taxonomy":"category","embeddable":true,"href":"https:\/\/blogdoedvaldomagalhaes.com.br\/index.php\/wp-json\/wp\/v2\/categories?post=104462"},{"taxonomy":"post_tag","embeddable":true,"href":"https:\/\/blogdoedvaldomagalhaes.com.br\/index.php\/wp-json\/wp\/v2\/tags?post=104462"}],"curies":[{"name":"wp","href":"https:\/\/api.w.org\/{rel}","templated":true}]}}