{"id":104460,"date":"2024-01-12T17:53:31","date_gmt":"2024-01-12T20:53:31","guid":{"rendered":"https:\/\/blogdoedvaldomagalhaes.com.br\/?p=104460"},"modified":"2024-01-12T17:53:32","modified_gmt":"2024-01-12T20:53:32","slug":"anderson-correia-pedira-explicacoes-sobre-o-contrato-de-mais-de-r-50-milhoes-da-locar-em-caruaru","status":"publish","type":"post","link":"https:\/\/blogdoedvaldomagalhaes.com.br\/index.php\/2024\/01\/12\/anderson-correia-pedira-explicacoes-sobre-o-contrato-de-mais-de-r-50-milhoes-da-locar-em-caruaru\/","title":{"rendered":"Anderson Correia pedir\u00e1 explica\u00e7\u00f5es sobre o contrato de mais de R$ 50 milh\u00f5es da Locar, em Caruaru"},"content":{"rendered":"<p><span style=\"font-size: revert;\">O vereador Anderson Correia pedir\u00e1 explica\u00e7\u00f5es sobre o contrato de presta\u00e7\u00e3o de servi\u00e7os relativos \u00e0 coleta de lixo urbano pela empresa Locar, em Caruaru. O pedido ser\u00e1 feito ap\u00f3s diversas solicita\u00e7\u00f5es feitas ao gabinete do vereador, que n\u00e3o foram atendidas pela empresa e sequer foram dadas respostas.<\/span><\/p>\n<p>No pedido que ser\u00e1 formulado, o parlamentar vai buscar saber como esses recursos est\u00e3o sendo usados na gest\u00e3o do contrato administrativo.<\/p>\n<p>A Locar possui um contrato com a prefeitura de Caruaru de mais de R$ 50 milh\u00f5es, conforme disse a Secretaria Executiva de Servi\u00e7os P\u00fablicos em audi\u00eancia p\u00fablica, no Poder Legislativo, sendo a empresa respons\u00e1vel pela limpeza urbana e coleta de res\u00edduos s\u00f3lidos.<\/p>\n<p>O pedido est\u00e1 respaldado nos princ\u00edpios da Legalidade, Impessoalidade, Publicidade e Efici\u00eancia, previsto no art. 37 da Constitui\u00e7\u00e3o Federal do Brasil e na Lei de Acesso \u00e0 Informa\u00e7\u00e3o. \u201c\u00c9 necess\u00e1rio saber quais s\u00e3o os locais sem a devida coleta, sem pontos de apoio para que os mun\u00edcipes depositem seu lixo e possam tamb\u00e9m solicitar o cumprimento do contrato\u201d. Foto: Divulga\u00e7\u00e3o<\/p>\n<p>Seja seguidor do Instagram do Blog @blogdoedvaldomagalhaes<\/p>\n","protected":false},"excerpt":{"rendered":"<p>O vereador Anderson Correia pedir\u00e1 explica\u00e7\u00f5es sobre o contrato de presta\u00e7\u00e3o de servi\u00e7os relativos \u00e0 coleta de lixo urbano pela&hellip;<\/p>\n","protected":false},"author":1,"featured_media":103326,"comment_status":"closed","ping_status":"open","sticky":false,"template":"","format":"standard","meta":{"footnotes":""},"categories":[14122],"tags":[29519,29440,2,28801,3406,20295],"class_list":["post-104460","post","type-post","status-publish","format-standard","has-post-thumbnail","hentry","category-politica","tag-anderson-correia-pedira-explicacoes-sobre-o-contrato-de-mais-de-r-50-milhoes-da-locar","tag-blog-com-mais-visualizacao","tag-blog-do-edvaldo-magalhaes","tag-blog-mais-acessado","tag-caruaru","tag-politica-2"],"_links":{"self":[{"href":"https:\/\/blogdoedvaldomagalhaes.com.br\/index.php\/wp-json\/wp\/v2\/posts\/104460","targetHints":{"allow":["GET"]}}],"collection":[{"href":"https:\/\/blogdoedvaldomagalhaes.com.br\/index.php\/wp-json\/wp\/v2\/posts"}],"about":[{"href":"https:\/\/blogdoedvaldomagalhaes.com.br\/index.php\/wp-json\/wp\/v2\/types\/post"}],"author":[{"embeddable":true,"href":"https:\/\/blogdoedvaldomagalhaes.com.br\/index.php\/wp-json\/wp\/v2\/users\/1"}],"replies":[{"embeddable":true,"href":"https:\/\/blogdoedvaldomagalhaes.com.br\/index.php\/wp-json\/wp\/v2\/comments?post=104460"}],"version-history":[{"count":1,"href":"https:\/\/blogdoedvaldomagalhaes.com.br\/index.php\/wp-json\/wp\/v2\/posts\/104460\/revisions"}],"predecessor-version":[{"id":104461,"href":"https:\/\/blogdoedvaldomagalhaes.com.br\/index.php\/wp-json\/wp\/v2\/posts\/104460\/revisions\/104461"}],"wp:featuredmedia":[{"embeddable":true,"href":"https:\/\/blogdoedvaldomagalhaes.com.br\/index.php\/wp-json\/wp\/v2\/media\/103326"}],"wp:attachment":[{"href":"https:\/\/blogdoedvaldomagalhaes.com.br\/index.php\/wp-json\/wp\/v2\/media?parent=104460"}],"wp:term":[{"taxonomy":"category","embeddable":true,"href":"https:\/\/blogdoedvaldomagalhaes.com.br\/index.php\/wp-json\/wp\/v2\/categories?post=104460"},{"taxonomy":"post_tag","embeddable":true,"href":"https:\/\/blogdoedvaldomagalhaes.com.br\/index.php\/wp-json\/wp\/v2\/tags?post=104460"}],"curies":[{"name":"wp","href":"https:\/\/api.w.org\/{rel}","templated":true}]}}