{"id":104451,"date":"2024-01-12T14:49:33","date_gmt":"2024-01-12T17:49:33","guid":{"rendered":"https:\/\/blogdoedvaldomagalhaes.com.br\/?p=104451"},"modified":"2024-01-12T14:52:49","modified_gmt":"2024-01-12T17:52:49","slug":"moto-roubada-e-recuperada-na-acao-integrada-entre-detran-pe-e-pmpe","status":"publish","type":"post","link":"https:\/\/blogdoedvaldomagalhaes.com.br\/index.php\/2024\/01\/12\/moto-roubada-e-recuperada-na-acao-integrada-entre-detran-pe-e-pmpe\/","title":{"rendered":"Moto roubada \u00e9 recuperada na a\u00e7\u00e3o integrada entre DETRAN-PE e PMPE"},"content":{"rendered":"<p>Na primeira noite de realiza\u00e7\u00e3o da Opera\u00e7\u00e3o ROTA PAC\u00cdFICA, opera\u00e7\u00e3o que visa garantir a seguran\u00e7a da popula\u00e7\u00e3o do Agreste que se desloca em dire\u00e7\u00e3o ao litoral sul de Pernambuco, atrav\u00e9s da Rodovia estadual PE 120.<\/p>\n<p>As equipes realizavam o patrulhamento no local, quando dois indiv\u00edduos quando perceberam a presen\u00e7a das equipes de seguran\u00e7a no local, abandonam a moto e se evadiram para o matagal, os policiais realizaram buscas no local, por\u00e9m n\u00e3o foram localizados, o ve\u00edculo havia sido roubado momentos antes.<\/p>\n<p>As equipes tamb\u00e9m deram apoio a um grupo de mulheres ocupantes de um ve\u00edculo que estava com o pneu furado em um local esmo. <\/p>\n<p>A equipe deu total suporte e permaneceu no local at\u00e9 que fosse resolvida a situa\u00e7\u00e3o. Foto: Divulga\u00e7\u00e3o.<\/p>\n<p>Seja seguidor do Instagram do Blog @blogdoedvaldomagalhaes<\/p>\n","protected":false},"excerpt":{"rendered":"<p>Na primeira noite de realiza\u00e7\u00e3o da Opera\u00e7\u00e3o ROTA PAC\u00cdFICA, opera\u00e7\u00e3o que visa garantir a seguran\u00e7a da popula\u00e7\u00e3o do Agreste que&hellip;<\/p>\n","protected":false},"author":1,"featured_media":104453,"comment_status":"closed","ping_status":"open","sticky":false,"template":"","format":"standard","meta":{"footnotes":""},"categories":[14121],"tags":[29440,2,28801,3406,29516],"class_list":["post-104451","post","type-post","status-publish","format-standard","has-post-thumbnail","hentry","category-policial","tag-blog-com-mais-visualizacao","tag-blog-do-edvaldo-magalhaes","tag-blog-mais-acessado","tag-caruaru","tag-moto-roubada-e-recuperada-na-acao-integrada-entre-detran-pe-e-pmpe"],"_links":{"self":[{"href":"https:\/\/blogdoedvaldomagalhaes.com.br\/index.php\/wp-json\/wp\/v2\/posts\/104451","targetHints":{"allow":["GET"]}}],"collection":[{"href":"https:\/\/blogdoedvaldomagalhaes.com.br\/index.php\/wp-json\/wp\/v2\/posts"}],"about":[{"href":"https:\/\/blogdoedvaldomagalhaes.com.br\/index.php\/wp-json\/wp\/v2\/types\/post"}],"author":[{"embeddable":true,"href":"https:\/\/blogdoedvaldomagalhaes.com.br\/index.php\/wp-json\/wp\/v2\/users\/1"}],"replies":[{"embeddable":true,"href":"https:\/\/blogdoedvaldomagalhaes.com.br\/index.php\/wp-json\/wp\/v2\/comments?post=104451"}],"version-history":[{"count":1,"href":"https:\/\/blogdoedvaldomagalhaes.com.br\/index.php\/wp-json\/wp\/v2\/posts\/104451\/revisions"}],"predecessor-version":[{"id":104452,"href":"https:\/\/blogdoedvaldomagalhaes.com.br\/index.php\/wp-json\/wp\/v2\/posts\/104451\/revisions\/104452"}],"wp:featuredmedia":[{"embeddable":true,"href":"https:\/\/blogdoedvaldomagalhaes.com.br\/index.php\/wp-json\/wp\/v2\/media\/104453"}],"wp:attachment":[{"href":"https:\/\/blogdoedvaldomagalhaes.com.br\/index.php\/wp-json\/wp\/v2\/media?parent=104451"}],"wp:term":[{"taxonomy":"category","embeddable":true,"href":"https:\/\/blogdoedvaldomagalhaes.com.br\/index.php\/wp-json\/wp\/v2\/categories?post=104451"},{"taxonomy":"post_tag","embeddable":true,"href":"https:\/\/blogdoedvaldomagalhaes.com.br\/index.php\/wp-json\/wp\/v2\/tags?post=104451"}],"curies":[{"name":"wp","href":"https:\/\/api.w.org\/{rel}","templated":true}]}}