{"id":104448,"date":"2024-01-12T14:26:34","date_gmt":"2024-01-12T17:26:34","guid":{"rendered":"https:\/\/blogdoedvaldomagalhaes.com.br\/?p=104448"},"modified":"2024-01-12T14:26:35","modified_gmt":"2024-01-12T17:26:35","slug":"complexo-de-saude-do-salgado-passa-a-ofertar-vacinacao-contra-covid-19-para-criancas-de-6-meses-a-5-anos","status":"publish","type":"post","link":"https:\/\/blogdoedvaldomagalhaes.com.br\/index.php\/2024\/01\/12\/complexo-de-saude-do-salgado-passa-a-ofertar-vacinacao-contra-covid-19-para-criancas-de-6-meses-a-5-anos\/","title":{"rendered":"Complexo de Sa\u00fade do Salgado passa a ofertar vacina\u00e7\u00e3o contra Covid-19 para crian\u00e7as de 6 meses a 5 anos"},"content":{"rendered":"<p>A vacina\u00e7\u00e3o contra a Covid-19 para crian\u00e7as de seis meses a menores de cinco anos de idade, que entrou no Calend\u00e1rio Nacional de Vacina\u00e7\u00e3o, passou a ser ofertada tamb\u00e9m no Complexo de Sa\u00fade do Salgado, em Caruaru. A vacina \u00e9 a Pfizer Baby, e s\u00f3 era encontrada no Centro de Sa\u00fade Ana Rodrigues, do Complexo Municipal de Sa\u00fade Jacqueline Fernandes, refer\u00eancia em vacina\u00e7\u00e3o infantil no munic\u00edpio.<\/p>\n<p>Os pais ou respons\u00e1veis de crian\u00e7as nessa faixa et\u00e1ria podem levar os filhos para se vacinar nos dois complexos, que agora s\u00e3o refer\u00eancia no munic\u00edpio para a vacina da Covid Pedi\u00e1trica (Pfizer Baby). No Complexo de Sa\u00fade do Salgado, o imunizante est\u00e1 dispon\u00edvel na UBS Dr. Ant\u00f4nio Vieira I, II e III, das 08h \u00e0s 19h, de segunda a sexta. O endere\u00e7o \u00e9 Rua Presidente Artur Bernardes, s\/n\u00ba, Bairro do Salgado. J\u00e1 no Complexo de Sa\u00fade Jacqueline Fernandes, a vacina \u00e9 ofertada no Centro de Sa\u00fade Ana Rodrigues, de segunda a sexta, das 07h \u00e0s 16h. O endere\u00e7o \u00e9 Rua Djalma Dutra, s\/n\u00ba, bairro Nossa Senhora das Dores (mesmo quarteir\u00e3o do Col\u00e9gio Sagrado Cora\u00e7\u00e3o). \u00c9 necess\u00e1rio levar o RG ou Cart\u00e3o do SUS da crian\u00e7a e o Cart\u00e3o de Vacina\u00e7\u00e3o.<\/p>\n<p>A orienta\u00e7\u00e3o \u00e9 aplicar a primeira dose aos seis meses de idade, a segunda aos sete meses e a terceira aos nove meses. No entanto, todas as crian\u00e7as de seis meses a menores de cinco anos, n\u00e3o vacinadas ou com doses em atraso, devem completar o esquema de tr\u00eas doses, seguindo o intervalo recomendado de quatro semanas entre a primeira e a segunda doses e de oito semanas entre a segunda e a terceira. As crian\u00e7as que j\u00e1 receberam as tr\u00eas doses da vacina contra a Covid-19 n\u00e3o precisam de doses adicionais, neste momento. Foto:  Felipe Correia \/ Secom \/ PMC.<\/p>\n<p>Seja seguidor do Instagram do Blog @blogdoedvaldomagalhaes<\/p>\n","protected":false},"excerpt":{"rendered":"<p>A vacina\u00e7\u00e3o contra a Covid-19 para crian\u00e7as de seis meses a menores de cinco anos de idade, que entrou no&hellip;<\/p>\n","protected":false},"author":1,"featured_media":104449,"comment_status":"closed","ping_status":"open","sticky":false,"template":"","format":"standard","meta":{"footnotes":""},"categories":[14120],"tags":[29440,2,28801,3406,29515],"class_list":["post-104448","post","type-post","status-publish","format-standard","has-post-thumbnail","hentry","category-noticias","tag-blog-com-mais-visualizacao","tag-blog-do-edvaldo-magalhaes","tag-blog-mais-acessado","tag-caruaru","tag-complexo-de-saude-do-salgado-passa-a-ofertar-vacinacao-contra-covid-19-para-criancas-de-6-meses-a-5-anos"],"_links":{"self":[{"href":"https:\/\/blogdoedvaldomagalhaes.com.br\/index.php\/wp-json\/wp\/v2\/posts\/104448","targetHints":{"allow":["GET"]}}],"collection":[{"href":"https:\/\/blogdoedvaldomagalhaes.com.br\/index.php\/wp-json\/wp\/v2\/posts"}],"about":[{"href":"https:\/\/blogdoedvaldomagalhaes.com.br\/index.php\/wp-json\/wp\/v2\/types\/post"}],"author":[{"embeddable":true,"href":"https:\/\/blogdoedvaldomagalhaes.com.br\/index.php\/wp-json\/wp\/v2\/users\/1"}],"replies":[{"embeddable":true,"href":"https:\/\/blogdoedvaldomagalhaes.com.br\/index.php\/wp-json\/wp\/v2\/comments?post=104448"}],"version-history":[{"count":1,"href":"https:\/\/blogdoedvaldomagalhaes.com.br\/index.php\/wp-json\/wp\/v2\/posts\/104448\/revisions"}],"predecessor-version":[{"id":104450,"href":"https:\/\/blogdoedvaldomagalhaes.com.br\/index.php\/wp-json\/wp\/v2\/posts\/104448\/revisions\/104450"}],"wp:featuredmedia":[{"embeddable":true,"href":"https:\/\/blogdoedvaldomagalhaes.com.br\/index.php\/wp-json\/wp\/v2\/media\/104449"}],"wp:attachment":[{"href":"https:\/\/blogdoedvaldomagalhaes.com.br\/index.php\/wp-json\/wp\/v2\/media?parent=104448"}],"wp:term":[{"taxonomy":"category","embeddable":true,"href":"https:\/\/blogdoedvaldomagalhaes.com.br\/index.php\/wp-json\/wp\/v2\/categories?post=104448"},{"taxonomy":"post_tag","embeddable":true,"href":"https:\/\/blogdoedvaldomagalhaes.com.br\/index.php\/wp-json\/wp\/v2\/tags?post=104448"}],"curies":[{"name":"wp","href":"https:\/\/api.w.org\/{rel}","templated":true}]}}