{"id":104445,"date":"2024-01-12T10:03:36","date_gmt":"2024-01-12T13:03:36","guid":{"rendered":"https:\/\/blogdoedvaldomagalhaes.com.br\/?p=104445"},"modified":"2024-01-12T10:03:37","modified_gmt":"2024-01-12T13:03:37","slug":"prefeito-rodrigo-pinheiro-cria-a-1a-gerencia-de-paradesporto-de-pernambuco","status":"publish","type":"post","link":"https:\/\/blogdoedvaldomagalhaes.com.br\/index.php\/2024\/01\/12\/prefeito-rodrigo-pinheiro-cria-a-1a-gerencia-de-paradesporto-de-pernambuco\/","title":{"rendered":"Prefeito Rodrigo Pinheiro cria a 1\u00aa Ger\u00eancia de Paradesporto de Pernambuco"},"content":{"rendered":"<p>Sempre atento \u00e0s demandas da popula\u00e7\u00e3o caruaruense, o prefeito Rodrigo Pinheiro, implantou, no in\u00edcio deste ano, mais uma grande iniciativa nos setores locais da Educa\u00e7\u00e3o e Esportes:  a 1\u00aa Ger\u00eancia de Paradesporto da hist\u00f3ria da Capital do Agreste e de Pernambuco. Criada com o objetivo de fomentar a pr\u00e1tica de modalidades esportivas por parte de estudantes e atletas com defici\u00eancia, ela \u00e9 vinculada \u00e0 rec\u00e9m-criada Secretaria Municipal Executiva de Esportes, da Seduc.<\/p>\n<p>\u201cO governo Rodrigo Pinheiro tem sido marcado por aplicar a\u00e7\u00f5es por toda cidade que possibilitem uma melhor qualidade de vida para todos, incentivando n\u00e3o s\u00f3 a inclus\u00e3o, mas a valoriza\u00e7\u00e3o em todos os setores e na Educa\u00e7\u00e3o e Esportes n\u00e3o t\u00eam sido diferentes. Esta 1\u00aa Ger\u00eancia de Paradesporto de Caruaru e do Estado impulsionar\u00e1 bastante a pr\u00e1tica do esporte seja no \u00e2mbito escolar ou n\u00e3o ao expandir as pol\u00edticas p\u00fablicas em rela\u00e7\u00e3o ao paradesporto\u201d, destacou a secret\u00e1ria de Educa\u00e7\u00e3o e Esportes de Caruaru, Aline Tib\u00farcio.<\/p>\n<p>De acordo com os dados da Seduc, cerca de tr\u00eas mil deficientes, da rede municipal de ensino, ser\u00e3o beneficiados com o maior incentivo \u00e0 pr\u00e1tica das modalidades paradesportivas. \u201cPara isso, faremos capacita\u00e7\u00f5es com os professores de Educa\u00e7\u00e3o F\u00edsica, ou seja, qualificaremos o nosso material humano, bem como ainda ampliaremos as nossas ofertas em termos de equipamentos e estruturas. Um especialista na \u00e1rea tamb\u00e9m foi contratado para executar pol\u00edticas em prol dos paratletas, dentre eles, deficientes visuais, amputados e de cadeiras de rodas\u201d, comentou o secret\u00e1rio-executivo de Esportes, Adson Leonel.<\/p>\n<p>*Outras ger\u00eancias*<\/p>\n<p>Criada, ap\u00f3s reforma administrativa realizada, no fim do ano passado, pelo prefeito Rodrigo Pinheiro, a Secretaria Municipal Executiva de Esportes \u00e9 uma das ramifica\u00e7\u00f5es da Seduc e vem atuando com outras tr\u00eas ger\u00eancias, em paralelo \u00e0 Paradesporto, sendo elas: a Educacional, de Rendimento e de Lazer. Foto: Divulga\u00e7\u00e3o\/Secom<\/p>\n<p>Seja seguidor do Instagram do Blog @blogdoedvaldomagalhaes<\/p>\n","protected":false},"excerpt":{"rendered":"<p>Sempre atento \u00e0s demandas da popula\u00e7\u00e3o caruaruense, o prefeito Rodrigo Pinheiro, implantou, no in\u00edcio deste ano, mais uma grande iniciativa&hellip;<\/p>\n","protected":false},"author":1,"featured_media":104446,"comment_status":"closed","ping_status":"open","sticky":false,"template":"","format":"standard","meta":{"footnotes":""},"categories":[14122],"tags":[29440,2,28801,3406,29514],"class_list":["post-104445","post","type-post","status-publish","format-standard","has-post-thumbnail","hentry","category-politica","tag-blog-com-mais-visualizacao","tag-blog-do-edvaldo-magalhaes","tag-blog-mais-acessado","tag-caruaru","tag-prefeito-rodrigo-pinheiro-cria-a-1a-gerencia-de-paradesporto-de-pernambuco"],"_links":{"self":[{"href":"https:\/\/blogdoedvaldomagalhaes.com.br\/index.php\/wp-json\/wp\/v2\/posts\/104445","targetHints":{"allow":["GET"]}}],"collection":[{"href":"https:\/\/blogdoedvaldomagalhaes.com.br\/index.php\/wp-json\/wp\/v2\/posts"}],"about":[{"href":"https:\/\/blogdoedvaldomagalhaes.com.br\/index.php\/wp-json\/wp\/v2\/types\/post"}],"author":[{"embeddable":true,"href":"https:\/\/blogdoedvaldomagalhaes.com.br\/index.php\/wp-json\/wp\/v2\/users\/1"}],"replies":[{"embeddable":true,"href":"https:\/\/blogdoedvaldomagalhaes.com.br\/index.php\/wp-json\/wp\/v2\/comments?post=104445"}],"version-history":[{"count":1,"href":"https:\/\/blogdoedvaldomagalhaes.com.br\/index.php\/wp-json\/wp\/v2\/posts\/104445\/revisions"}],"predecessor-version":[{"id":104447,"href":"https:\/\/blogdoedvaldomagalhaes.com.br\/index.php\/wp-json\/wp\/v2\/posts\/104445\/revisions\/104447"}],"wp:featuredmedia":[{"embeddable":true,"href":"https:\/\/blogdoedvaldomagalhaes.com.br\/index.php\/wp-json\/wp\/v2\/media\/104446"}],"wp:attachment":[{"href":"https:\/\/blogdoedvaldomagalhaes.com.br\/index.php\/wp-json\/wp\/v2\/media?parent=104445"}],"wp:term":[{"taxonomy":"category","embeddable":true,"href":"https:\/\/blogdoedvaldomagalhaes.com.br\/index.php\/wp-json\/wp\/v2\/categories?post=104445"},{"taxonomy":"post_tag","embeddable":true,"href":"https:\/\/blogdoedvaldomagalhaes.com.br\/index.php\/wp-json\/wp\/v2\/tags?post=104445"}],"curies":[{"name":"wp","href":"https:\/\/api.w.org\/{rel}","templated":true}]}}