{"id":104433,"date":"2024-01-11T20:21:24","date_gmt":"2024-01-11T23:21:24","guid":{"rendered":"https:\/\/blogdoedvaldomagalhaes.com.br\/?p=104433"},"modified":"2024-01-11T23:20:11","modified_gmt":"2024-01-12T02:20:11","slug":"pai-e-filha-de-4-anos-morrem-apos-colisao-envolvendo-dois-veiculos-na-pe-120","status":"publish","type":"post","link":"https:\/\/blogdoedvaldomagalhaes.com.br\/index.php\/2024\/01\/11\/pai-e-filha-de-4-anos-morrem-apos-colisao-envolvendo-dois-veiculos-na-pe-120\/","title":{"rendered":"Pai e filha de 4 anos morrem ap\u00f3s colis\u00e3o envolvendo dois ve\u00edculos na PE-120"},"content":{"rendered":"<p>Um grave sinistro de tr\u00e2nsito tirou \u00e0s vidas de duas pessoas na manh\u00e3 desta quinta-feira (11), na estrada que d\u00e1 acesso a cidade de Quipap\u00e1, sendo a PE-120, e pertence ao munic\u00edpio de Jaqueira, na Mata Sul de Pernambuco. O Delegado Paulo Mattos, informou que houve uma colis\u00e3o envolvendo uma caminhonete e um carro de passeio.<\/p>\n<p>Yasmim Gabrielle Sena da Silva, de apenas 4 anos de idade, e o pai dela foram socorridos para uma unidade de sa\u00fade, mas n\u00e3o resistiram aos ferimentos e morreram. N\u00e3o foi divulgado o estado de sa\u00fade do condutor do segundo ve\u00edculo. Os corpos foram encaminhados para o Instituto de Medicina Legal (IML). Foto: Reprodu\u00e7\u00e3o\/V\u00eddeo\/WhatsApp.<\/p>\n<p>Seja seguidor do Instagram do Blog @blogdoedvaldomagalhaes<\/p>\n<p><img loading=\"lazy\" decoding=\"async\" src=\"https:\/\/blogdoedvaldomagalhaes.com.br\/wp-content\/uploads\/2024\/01\/59c5efac-1c18-4305-a848-fcbb5c9225de.jpg\" class=\"size-full wp-image-104443\" width=\"1844\" height=\"1008\" srcset=\"https:\/\/blogdoedvaldomagalhaes.com.br\/wp-content\/uploads\/2024\/01\/59c5efac-1c18-4305-a848-fcbb5c9225de.jpg 1844w, https:\/\/blogdoedvaldomagalhaes.com.br\/wp-content\/uploads\/2024\/01\/59c5efac-1c18-4305-a848-fcbb5c9225de-300x164.jpg 300w, https:\/\/blogdoedvaldomagalhaes.com.br\/wp-content\/uploads\/2024\/01\/59c5efac-1c18-4305-a848-fcbb5c9225de-1024x560.jpg 1024w, https:\/\/blogdoedvaldomagalhaes.com.br\/wp-content\/uploads\/2024\/01\/59c5efac-1c18-4305-a848-fcbb5c9225de-768x420.jpg 768w, https:\/\/blogdoedvaldomagalhaes.com.br\/wp-content\/uploads\/2024\/01\/59c5efac-1c18-4305-a848-fcbb5c9225de-1536x840.jpg 1536w\" sizes=\"auto, (max-width: 1844px) 100vw, 1844px\" \/><\/p>\n","protected":false},"excerpt":{"rendered":"<p>Um grave sinistro de tr\u00e2nsito tirou \u00e0s vidas de duas pessoas na manh\u00e3 desta quinta-feira (11), na estrada que d\u00e1&hellip;<\/p>\n","protected":false},"author":1,"featured_media":104434,"comment_status":"closed","ping_status":"open","sticky":false,"template":"","format":"standard","meta":{"footnotes":""},"categories":[14121],"tags":[29440,2,28801,3406,29513],"class_list":["post-104433","post","type-post","status-publish","format-standard","has-post-thumbnail","hentry","category-policial","tag-blog-com-mais-visualizacao","tag-blog-do-edvaldo-magalhaes","tag-blog-mais-acessado","tag-caruaru","tag-pai-e-filha-de-4-anos-morrem-apos-colisao-envolvendo-dois-veiculos-na-pe-120"],"_links":{"self":[{"href":"https:\/\/blogdoedvaldomagalhaes.com.br\/index.php\/wp-json\/wp\/v2\/posts\/104433","targetHints":{"allow":["GET"]}}],"collection":[{"href":"https:\/\/blogdoedvaldomagalhaes.com.br\/index.php\/wp-json\/wp\/v2\/posts"}],"about":[{"href":"https:\/\/blogdoedvaldomagalhaes.com.br\/index.php\/wp-json\/wp\/v2\/types\/post"}],"author":[{"embeddable":true,"href":"https:\/\/blogdoedvaldomagalhaes.com.br\/index.php\/wp-json\/wp\/v2\/users\/1"}],"replies":[{"embeddable":true,"href":"https:\/\/blogdoedvaldomagalhaes.com.br\/index.php\/wp-json\/wp\/v2\/comments?post=104433"}],"version-history":[{"count":6,"href":"https:\/\/blogdoedvaldomagalhaes.com.br\/index.php\/wp-json\/wp\/v2\/posts\/104433\/revisions"}],"predecessor-version":[{"id":104444,"href":"https:\/\/blogdoedvaldomagalhaes.com.br\/index.php\/wp-json\/wp\/v2\/posts\/104433\/revisions\/104444"}],"wp:featuredmedia":[{"embeddable":true,"href":"https:\/\/blogdoedvaldomagalhaes.com.br\/index.php\/wp-json\/wp\/v2\/media\/104434"}],"wp:attachment":[{"href":"https:\/\/blogdoedvaldomagalhaes.com.br\/index.php\/wp-json\/wp\/v2\/media?parent=104433"}],"wp:term":[{"taxonomy":"category","embeddable":true,"href":"https:\/\/blogdoedvaldomagalhaes.com.br\/index.php\/wp-json\/wp\/v2\/categories?post=104433"},{"taxonomy":"post_tag","embeddable":true,"href":"https:\/\/blogdoedvaldomagalhaes.com.br\/index.php\/wp-json\/wp\/v2\/tags?post=104433"}],"curies":[{"name":"wp","href":"https:\/\/api.w.org\/{rel}","templated":true}]}}