{"id":104430,"date":"2024-01-11T19:36:27","date_gmt":"2024-01-11T22:36:27","guid":{"rendered":"https:\/\/blogdoedvaldomagalhaes.com.br\/?p=104430"},"modified":"2024-01-11T19:52:25","modified_gmt":"2024-01-11T22:52:25","slug":"detran-pe-e-pm-lancam-operacao-rota-pacifica-do-agreste-ao-litoral-sul","status":"publish","type":"post","link":"https:\/\/blogdoedvaldomagalhaes.com.br\/index.php\/2024\/01\/11\/detran-pe-e-pm-lancam-operacao-rota-pacifica-do-agreste-ao-litoral-sul\/","title":{"rendered":"DETRAN-PE e PM lan\u00e7am Opera\u00e7\u00e3o Rota Pac\u00edfica do Agreste ao Litoral Sul"},"content":{"rendered":"<p>O DETRAN PE e a PM PE, atrav\u00e9s da Dinter I estar\u00e3o lan\u00e7ando a partir das demandas apresentadas pela popula\u00e7\u00e3o e com base nas ocorr\u00eancias na \u00e1rea, A OPERA\u00c7\u00c3O ROTA PAC\u00cdFICA, que visa garantir o deslocamento de forma segura da popula\u00e7\u00e3o do agreste com destino \u00e0s praias do litoral sul, Tamandar\u00e9, S\u00e3o Jos\u00e9 da Coroa grande e regi\u00e3o, inclusive durante o per\u00edodo noturno.<\/p>\n<p>A opera\u00e7\u00e3o ser\u00e1 realizada atrav\u00e9s do patrulhamento de toda rodovia de acesso e contar\u00e1 tamb\u00e9m com pontos de bloquei fixo, como por exemplo no conhecido trevo de formigueiro, local que j\u00e1 ocorreram diversas ocorr\u00eancias de roubos e furtos.<\/p>\n<p>O DETRAN e a PM PE empregar\u00e3o a partir de hoje em todos os finais de semana, cerca de 100 Policiais e agentes por final de semana, a opera\u00e7\u00e3o contar\u00e1 com apoio das viaturas e das Motocicletas que realiza\u00e7\u00e3o o patrulhamento em conjunto.<\/p>\n<p>DETRAN PE e PM PE visando garantir a sua seguran\u00e7a e a da sua fam\u00edlia. Foto: Divulga\u00e7\u00e3o<br \/>\nSeja seguidor do Instagram do Blog @blogdoedvaldomagalhaes<\/p>\n","protected":false},"excerpt":{"rendered":"<p>O DETRAN PE e a PM PE, atrav\u00e9s da Dinter I estar\u00e3o lan\u00e7ando a partir das demandas apresentadas pela popula\u00e7\u00e3o&hellip;<\/p>\n","protected":false},"author":1,"featured_media":104432,"comment_status":"closed","ping_status":"open","sticky":false,"template":"","format":"standard","meta":{"footnotes":""},"categories":[14121],"tags":[29440,2,28801,3406,29512],"class_list":["post-104430","post","type-post","status-publish","format-standard","has-post-thumbnail","hentry","category-policial","tag-blog-com-mais-visualizacao","tag-blog-do-edvaldo-magalhaes","tag-blog-mais-acessado","tag-caruaru","tag-detran-pe-e-pm-lancam-operacao-rota-pacifica-do-agreste-ao-litoral-sul"],"_links":{"self":[{"href":"https:\/\/blogdoedvaldomagalhaes.com.br\/index.php\/wp-json\/wp\/v2\/posts\/104430","targetHints":{"allow":["GET"]}}],"collection":[{"href":"https:\/\/blogdoedvaldomagalhaes.com.br\/index.php\/wp-json\/wp\/v2\/posts"}],"about":[{"href":"https:\/\/blogdoedvaldomagalhaes.com.br\/index.php\/wp-json\/wp\/v2\/types\/post"}],"author":[{"embeddable":true,"href":"https:\/\/blogdoedvaldomagalhaes.com.br\/index.php\/wp-json\/wp\/v2\/users\/1"}],"replies":[{"embeddable":true,"href":"https:\/\/blogdoedvaldomagalhaes.com.br\/index.php\/wp-json\/wp\/v2\/comments?post=104430"}],"version-history":[{"count":1,"href":"https:\/\/blogdoedvaldomagalhaes.com.br\/index.php\/wp-json\/wp\/v2\/posts\/104430\/revisions"}],"predecessor-version":[{"id":104431,"href":"https:\/\/blogdoedvaldomagalhaes.com.br\/index.php\/wp-json\/wp\/v2\/posts\/104430\/revisions\/104431"}],"wp:featuredmedia":[{"embeddable":true,"href":"https:\/\/blogdoedvaldomagalhaes.com.br\/index.php\/wp-json\/wp\/v2\/media\/104432"}],"wp:attachment":[{"href":"https:\/\/blogdoedvaldomagalhaes.com.br\/index.php\/wp-json\/wp\/v2\/media?parent=104430"}],"wp:term":[{"taxonomy":"category","embeddable":true,"href":"https:\/\/blogdoedvaldomagalhaes.com.br\/index.php\/wp-json\/wp\/v2\/categories?post=104430"},{"taxonomy":"post_tag","embeddable":true,"href":"https:\/\/blogdoedvaldomagalhaes.com.br\/index.php\/wp-json\/wp\/v2\/tags?post=104430"}],"curies":[{"name":"wp","href":"https:\/\/api.w.org\/{rel}","templated":true}]}}