{"id":104424,"date":"2024-01-11T18:11:47","date_gmt":"2024-01-11T21:11:47","guid":{"rendered":"https:\/\/blogdoedvaldomagalhaes.com.br\/?p=104424"},"modified":"2024-01-11T18:15:49","modified_gmt":"2024-01-11T21:15:49","slug":"assembleia-do-sindicato-dos-trabalhadores-e-trabalhadoras-rurais-agricultores-e-agricultoras-familiares-de-caruaru","status":"publish","type":"post","link":"https:\/\/blogdoedvaldomagalhaes.com.br\/index.php\/2024\/01\/11\/assembleia-do-sindicato-dos-trabalhadores-e-trabalhadoras-rurais-agricultores-e-agricultoras-familiares-de-caruaru\/","title":{"rendered":"Assembleia do Sindicato dos Trabalhadores e Trabalhadoras Rurais, Agricultores e Agricultoras Familiares de Caruaru"},"content":{"rendered":"<p>Nessa quarta-feira (10), a Prefeitura de Caruaru, por meio da Secretaria de Desenvolvimento Rural (SDR), participou da assembleia do Sindicato dos Trabalhadores e Trabalhadoras Rurais, Agricultores e Agricultoras Familiares de Caruaru. A reuni\u00e3o foi realizada no audit\u00f3rio e aprovou o planejamento or\u00e7ament\u00e1rio para o ano de 2024.<\/p>\n<p>A oportunidade serviu para anunciar as a\u00e7\u00f5es da SDR, em 2024. &#8220;Est\u00e1 na sede do sindicato, que \u00e9 a casa dos agricultores e agricultoras, logo no come\u00e7o do ano \u00e9 um gesto importante para solidificar a parceira do poder p\u00fablico municipal com esta importante entidade&#8221;, pontuou o secret\u00e1rio da SDR, Manoel Junior.<\/p>\n<p>Estiveram tamb\u00e9m presentes na reuni\u00e3o o secret\u00e1rio executivo Wesley Nascimento, al\u00e9m do coordenador de produ\u00e7\u00e3o rural da SDR, Daniel Severino. Foto: N\u00fabia Silva.<\/p>\n<p>Seja seguidor do Instagram do Blog @blogdoedvaldomagalhaes<\/p>\n","protected":false},"excerpt":{"rendered":"<p>Nessa quarta-feira (10), a Prefeitura de Caruaru, por meio da Secretaria de Desenvolvimento Rural (SDR), participou da assembleia do Sindicato&hellip;<\/p>\n","protected":false},"author":1,"featured_media":104425,"comment_status":"closed","ping_status":"open","sticky":false,"template":"","format":"standard","meta":{"footnotes":""},"categories":[14120],"tags":[29511,29440,2,28801,3406],"class_list":["post-104424","post","type-post","status-publish","format-standard","has-post-thumbnail","hentry","category-noticias","tag-assembleia-do-sindicato-dos-trabalhadores-e-trabalhadoras-rurais-agricultores-e-agricultoras-familiares-de-caruaru","tag-blog-com-mais-visualizacao","tag-blog-do-edvaldo-magalhaes","tag-blog-mais-acessado","tag-caruaru"],"_links":{"self":[{"href":"https:\/\/blogdoedvaldomagalhaes.com.br\/index.php\/wp-json\/wp\/v2\/posts\/104424","targetHints":{"allow":["GET"]}}],"collection":[{"href":"https:\/\/blogdoedvaldomagalhaes.com.br\/index.php\/wp-json\/wp\/v2\/posts"}],"about":[{"href":"https:\/\/blogdoedvaldomagalhaes.com.br\/index.php\/wp-json\/wp\/v2\/types\/post"}],"author":[{"embeddable":true,"href":"https:\/\/blogdoedvaldomagalhaes.com.br\/index.php\/wp-json\/wp\/v2\/users\/1"}],"replies":[{"embeddable":true,"href":"https:\/\/blogdoedvaldomagalhaes.com.br\/index.php\/wp-json\/wp\/v2\/comments?post=104424"}],"version-history":[{"count":2,"href":"https:\/\/blogdoedvaldomagalhaes.com.br\/index.php\/wp-json\/wp\/v2\/posts\/104424\/revisions"}],"predecessor-version":[{"id":104428,"href":"https:\/\/blogdoedvaldomagalhaes.com.br\/index.php\/wp-json\/wp\/v2\/posts\/104424\/revisions\/104428"}],"wp:featuredmedia":[{"embeddable":true,"href":"https:\/\/blogdoedvaldomagalhaes.com.br\/index.php\/wp-json\/wp\/v2\/media\/104425"}],"wp:attachment":[{"href":"https:\/\/blogdoedvaldomagalhaes.com.br\/index.php\/wp-json\/wp\/v2\/media?parent=104424"}],"wp:term":[{"taxonomy":"category","embeddable":true,"href":"https:\/\/blogdoedvaldomagalhaes.com.br\/index.php\/wp-json\/wp\/v2\/categories?post=104424"},{"taxonomy":"post_tag","embeddable":true,"href":"https:\/\/blogdoedvaldomagalhaes.com.br\/index.php\/wp-json\/wp\/v2\/tags?post=104424"}],"curies":[{"name":"wp","href":"https:\/\/api.w.org\/{rel}","templated":true}]}}