{"id":104420,"date":"2024-01-11T14:38:13","date_gmt":"2024-01-11T17:38:13","guid":{"rendered":"https:\/\/blogdoedvaldomagalhaes.com.br\/?p=104420"},"modified":"2024-01-11T14:38:14","modified_gmt":"2024-01-11T17:38:14","slug":"expo-bebe-gestante-no-centro-de-convencoes-pe-de-17-a-21-de-janeiro","status":"publish","type":"post","link":"https:\/\/blogdoedvaldomagalhaes.com.br\/index.php\/2024\/01\/11\/expo-bebe-gestante-no-centro-de-convencoes-pe-de-17-a-21-de-janeiro\/","title":{"rendered":"Expo Beb\u00ea &#038; Gestante no Centro de Conven\u00e7\u00f5es-PE de 17 a 21 de janeiro"},"content":{"rendered":"<p class=\"s4\"><span class=\"s5\" style=\"font-size: revert;\"><span class=\"bumpedFont15\">Ap\u00f3s ter em m\u00e3os o teste de gravidez positivo e passar pelas primeiras etapas depois da descoberta de que um beb\u00ea est\u00e1 por vir, \u00e9 hora de come\u00e7ar a planejar a sua chegada. As feiras do segmento de maternidade s\u00e3o uma oportunidade de comprar roupinhas<\/span><\/span><span class=\"s5\" style=\"font-size: revert;\"><span class=\"bumpedFont15\">, acess\u00f3rios,<\/span><\/span><span class=\"s5\" style=\"font-size: revert;\"><span class=\"bumpedFont15\"> decora\u00e7\u00e3o <\/span><\/span><span class=\"s5\" style=\"font-size: revert;\"><span class=\"bumpedFont15\">e at\u00e9 <\/span><\/span><span class=\"s5\" style=\"font-size: revert;\"><span class=\"bumpedFont15\">o quarto do beb\u00ea com anteced\u00eancia<\/span><\/span><span class=\"s5\" style=\"font-size: revert;\"><span class=\"bumpedFont15\">, ou seja, \u00e9 o momento<\/span><\/span> <span class=\"s5\" style=\"font-size: revert;\"><span class=\"bumpedFont15\">de p<\/span><\/span><span class=\"s5\" style=\"font-size: revert;\"><span class=\"bumpedFont15\">esquisar pre\u00e7os e encontrar boas ofertas.\u00a0<\/span><\/span><\/p>\n<p class=\"s6\"><span class=\"s5\"><span class=\"bumpedFont15\">O maior evento infantil do Brasil, a EXPO BEB\u00ca &amp; GESTANTE, volta a Recife de 17 a 21 de janeiro, no Centro de Conven\u00e7\u00f5es de Pernambuco. <\/span><\/span><span class=\"s7\"><span class=\"bumpedFont15\">Essa feira conhecida por oferecer produtos a pre\u00e7os de atacado, \u00e9 um verdadeiro para\u00edso para gestantes e fam\u00edlias em busca de qualidade e variedade. <\/span><\/span><\/p>\n<p class=\"s6\">\n<p class=\"s6\"><span class=\"s7\"><span class=\"bumpedFont15\">A<\/span><\/span><span class=\"s7\"><span class=\"bumpedFont15\">l\u00e9m da entrada gratuita para todos, as gestantes ganham um vale compras de R$ 30,00<\/span><\/span><span class=\"s7\"><span class=\"bumpedFont15\">.<\/span><\/span> <span class=\"s7\"><span class=\"bumpedFont15\">O<\/span><\/span><span class=\"s7\"><span class=\"bumpedFont15\">s descontos chegam a 60% em itens essenciais como enxoval, m\u00f3veis e carrinhos.<\/span><\/span><\/p>\n<p class=\"s6\"><span class=\"s7\"><span class=\"bumpedFont15\">As ofertas s\u00e3o irresist\u00edveis, com produtos subsidiados abaixo do pre\u00e7o de custo, como a fralda Panda de R$ 15,00 por apenas R$ 5,99, a pomada de assadura de R$ 10,00 por R$ 2,99 e len\u00e7os umedecidos de R$ 6,00 por meros R$ 0,99.<\/span><\/span><\/p>\n<p class=\"s6\"><span class=\"s7\"><span class=\"bumpedFont15\"><br \/>\n<\/span><\/span><span class=\"s5\"><span class=\"bumpedFont15\">Para fazer as compras com tranquilidade, as mam\u00e3es contam com um espa\u00e7o onde podem deixar a garotada.<\/span><\/span> <span class=\"s5\"><span class=\"bumpedFont15\">O evento tamb\u00e9m oferece palestras<\/span><\/span><span class=\"s5\"><span class=\"bumpedFont15\">gratuita<\/span><\/span> <span class=\"s5\"><span class=\"bumpedFont15\">para toda a fam\u00edlia<\/span><\/span><span class=\"s5\"><span class=\"bumpedFont15\"> com sorteio de brindes<\/span><\/span><span class=\"s5\"><span class=\"bumpedFont15\">ao final<\/span><\/span><span class=\"s5\"><span class=\"bumpedFont15\">,<\/span><\/span><span class=\"s5\"><span class=\"bumpedFont15\"> al\u00e9m sala de amamenta\u00e7\u00e3o<\/span><\/span><span class=\"s5\"><span class=\"bumpedFont15\">, frald\u00e1rio e<\/span><\/span><span class=\"s5\"><span class=\"bumpedFont15\">pra\u00e7a de alimenta\u00e7\u00e3o. <\/span><\/span><\/p>\n<p class=\"s6\">\n<p class=\"s6\"><span class=\"s8\"><span class=\"bumpedFont15\">OPORTUNIDA<\/span><\/span><span class=\"s8\"><span class=\"bumpedFont15\">D<\/span><\/span><span class=\"s8\"><span class=\"bumpedFont15\">E:<\/span><\/span><span class=\"s5\"><span class=\"bumpedFont15\"> Quem for ao evento pode ganhar um quarto dos sonhos, com todos os itens para o quartinho do beb\u00ea. A gr\u00e1vida preenche um cupom, deposita na urna e j\u00e1 est\u00e1 concorrendo. O resultado sai no encerramento da feira, dia 22, no instagram<\/span><\/span><span class=\"s5\"><span class=\"bumpedFont15\">do evento<\/span><\/span><span class=\"s5\"><span class=\"bumpedFont15\"> @feiradebeberecife<\/span><\/span><\/p>\n<p class=\"s6\">\n<p class=\"s6\"><span class=\"s8\"><span class=\"bumpedFont15\">Sobre a EXPO BEB\u00ca &amp; GESTANTE &#8211;<\/span><\/span> <span class=\"s5\"><span class=\"bumpedFont15\">J\u00e1 \u00e9 conhecida<\/span><\/span> <span class=\"s5\"><span class=\"bumpedFont15\">nos estados de MG, SP,<\/span><\/span> <span class=\"s5\"><span class=\"bumpedFont15\">RJ, RS e PR. Aqui no Nordeste<\/span><\/span> <span class=\"s5\"><span class=\"bumpedFont15\">estreou em Natal e Macei\u00f3 e vai para quinta edi\u00e7\u00e3o no Recife. Tem<\/span><\/span><span class=\"s5\"><span class=\"bumpedFont15\"> expositores<\/span><\/span><span class=\"s5\"><span class=\"bumpedFont15\"> de v\u00e1rias capitais do Brasil e tamb\u00e9m traz <\/span><\/span><span class=\"s5\"><span class=\"bumpedFont15\">tamb\u00e9m <\/span><\/span><span class=\"s5\"><span class=\"bumpedFont15\">o <\/span><\/span><span class=\"s5\"><span class=\"bumpedFont15\">P\u00f3lo<\/span><\/span><span class=\"s5\"><span class=\"bumpedFont15\"> de confec\u00e7\u00f5es de Pernambuco para a capital, com pequenos e m\u00e9dios fabricantes das cidades de Caruaru, Santa Cruz do Capibaribe e regi\u00e3o. Na edi\u00e7\u00e3o passada cerca de 63 mil pessoas estiveram no Centro de Conven\u00e7\u00f5es.<\/span><\/span><\/p>\n<p class=\"s9\"><strong><span class=\"s8\"><span class=\"bumpedFont15\">PROGRAMA\u00c7\u00c3O DAS <\/span><\/span><span class=\"s8\"><span class=\"bumpedFont15\">PALESTRAS EXPO BEB\u00ca JANEIRO 2024<\/span><\/span><\/strong><\/p>\n<p class=\"s9\"><span class=\"s5\"><span class=\"bumpedFont15\">As palestras s\u00e3o gratuitas, duram cerca de meia hora, ao final sorteamos as gestantes com servi\u00e7os: vale massagem, escalda p\u00e9s e arte gestacional<\/span><\/span><span class=\"s5\"><span class=\"bumpedFont15\">, <\/span><\/span><span class=\"s5\"><span class=\"bumpedFont15\">que s\u00e3o profissionais que fazem pintura na barriga das gr\u00e1vidas, al\u00e9m de v\u00e1rios brindes para o beb\u00ea.<\/span><\/span><span class=\"s5\"><span class=\"bumpedFont15\">Abaixo detalhes.<\/span><\/span><\/p>\n<p class=\"s9\"><span class=\"s8\"><span class=\"bumpedFont15\">Dia 17\/01 \u00e0s 16:30<\/span><\/span><span class=\"s5\"><span class=\"bumpedFont15\"><br \/>\n<\/span><\/span><span class=\"s5\"><span class=\"bumpedFont15\">Tema: Por que eu preciso de uma Doula?<\/span><\/span><span class=\"s5\"><span class=\"bumpedFont15\"><br \/>\nPalestrante: <\/span><\/span><span class=\"s5\"><span class=\"bumpedFont15\">Pollyanna Mendes<\/span><\/span><span class=\"s5\"><span class=\"bumpedFont15\"> &#8211; D<\/span><\/span><span class=\"s5\"><span class=\"bumpedFont15\">oula, Educadora Perinatal<\/span><\/span><span class=\"s5\"><span class=\"bumpedFont15\"><br \/>\n<\/span><\/span><span class=\"s5\"><span class=\"bumpedFont15\">@pollydoula<\/span><\/span><span class=\"s5\"><span class=\"bumpedFont15\"><br \/>\n<\/span><\/span><span class=\"s5\"><span class=\"bumpedFont15\"><br \/>\n<\/span><\/span><span class=\"s8\"><span class=\"bumpedFont15\">Dia 18\/01 \u00e0s 16:30<\/span><\/span><span class=\"s5\"><span class=\"bumpedFont15\"><br \/>\n<\/span><\/span><span class=\"s5\"><span class=\"bumpedFont15\">Tema: T\u00e9cnicas de al\u00edvio da dor no parto humanizado.<\/span><\/span><span class=\"s5\"><span class=\"bumpedFont15\"><br \/>\nPalestrante: <\/span><\/span><span class=\"s5\"><span class=\"bumpedFont15\">Karla Sales<\/span><\/span><span class=\"s5\"><span class=\"bumpedFont15\"> &#8211; <\/span><\/span><span class=\"s5\"><span class=\"bumpedFont15\">Professora de Doulas<\/span><\/span><span class=\"s5\"><span class=\"bumpedFont15\"><br \/>\n<\/span><\/span><span class=\"s5\"><span class=\"bumpedFont15\">@renasceraldeia<\/span><\/span> <span class=\"s5\"><span class=\"bumpedFont15\">@karlasales<\/span><\/span><\/p>\n<p class=\"s9\"><span class=\"s8\"><span class=\"bumpedFont15\">Dia 19\/01 \u00e0s 16:30<\/span><\/span><span class=\"s5\"><span class=\"bumpedFont15\"><br \/>\n<\/span><\/span><span class=\"s5\"><span class=\"bumpedFont15\">Tema: Organizando a mala de maternidade do beb\u00ea.<\/span><\/span><span class=\"s5\"><span class=\"bumpedFont15\"><br \/>\npalestrante &#8211; <\/span><\/span><span class=\"s5\"><span class=\"bumpedFont15\">Daniela Nascimento<\/span><\/span><span class=\"s5\"><span class=\"bumpedFont15\"> &#8211; <\/span><\/span><span class=\"s5\"><span class=\"bumpedFont15\">Especialista em organiza\u00e7\u00e3o<\/span><\/span><\/p>\n<p class=\"s9\"><span class=\"s8\"><span class=\"bumpedFont15\">Dia 20\/01 \u00e0s 16:30<\/span><\/span><span class=\"s5\"><span class=\"bumpedFont15\"><br \/>\n<\/span><\/span><span class=\"s5\"><span class=\"bumpedFont15\">Tema: Cuidados com o rec\u00e9m-nascido e amamenta\u00e7\u00e3o<\/span><\/span><span class=\"s5\"><span class=\"bumpedFont15\"><br \/>\nPalestrante: <\/span><\/span><span class=\"s5\"><span class=\"bumpedFont15\">Mikelle Borges<\/span><\/span><span class=\"s5\"><span class=\"bumpedFont15\"> &#8211; <\/span><\/span><span class=\"s5\"><span class=\"bumpedFont15\">Enfermeira e consultora materno infantil.<\/span><\/span><\/p>\n<p class=\"s9\"><span class=\"s8\"><span class=\"bumpedFont15\">Dia 21\/01 \u00e0s 15:30<\/span><\/span><span class=\"s5\"><span class=\"bumpedFont15\"><br \/>\n<\/span><\/span><span class=\"s5\"><span class=\"bumpedFont15\">Tema: Passo a passo para amamentar sem dor<\/span><\/span><span class=\"s5\"><span class=\"bumpedFont15\"><br \/>\n<\/span><\/span><span class=\"s5\"><span class=\"bumpedFont15\">Kellyta Albuquerque<\/span><\/span><span class=\"s5\"><span class=\"bumpedFont15\"> &#8211; <\/span><\/span><span class=\"s5\"><span class=\"bumpedFont15\">Nutricionista especialista em beb\u00eas, consultora em amamenta\u00e7\u00e3o.<\/span><\/span><\/p>\n<p>Foto: Divulga\u00e7\u00e3o.<\/p>\n<p>Seja seguidor do Instagram do Blog @blogdoedvaldomagalhaes<\/p>\n","protected":false},"excerpt":{"rendered":"<p>Ap\u00f3s ter em m\u00e3os o teste de gravidez positivo e passar pelas primeiras etapas depois da descoberta de que um&hellip;<\/p>\n","protected":false},"author":1,"featured_media":104421,"comment_status":"closed","ping_status":"open","sticky":false,"template":"","format":"standard","meta":{"footnotes":""},"categories":[14120],"tags":[29440,2,28801,3406,29510],"class_list":["post-104420","post","type-post","status-publish","format-standard","has-post-thumbnail","hentry","category-noticias","tag-blog-com-mais-visualizacao","tag-blog-do-edvaldo-magalhaes","tag-blog-mais-acessado","tag-caruaru","tag-expo-bebe-gestante-no-centro-de-convencoes-pe-de-17-a-21-de-janeiro"],"_links":{"self":[{"href":"https:\/\/blogdoedvaldomagalhaes.com.br\/index.php\/wp-json\/wp\/v2\/posts\/104420","targetHints":{"allow":["GET"]}}],"collection":[{"href":"https:\/\/blogdoedvaldomagalhaes.com.br\/index.php\/wp-json\/wp\/v2\/posts"}],"about":[{"href":"https:\/\/blogdoedvaldomagalhaes.com.br\/index.php\/wp-json\/wp\/v2\/types\/post"}],"author":[{"embeddable":true,"href":"https:\/\/blogdoedvaldomagalhaes.com.br\/index.php\/wp-json\/wp\/v2\/users\/1"}],"replies":[{"embeddable":true,"href":"https:\/\/blogdoedvaldomagalhaes.com.br\/index.php\/wp-json\/wp\/v2\/comments?post=104420"}],"version-history":[{"count":1,"href":"https:\/\/blogdoedvaldomagalhaes.com.br\/index.php\/wp-json\/wp\/v2\/posts\/104420\/revisions"}],"predecessor-version":[{"id":104422,"href":"https:\/\/blogdoedvaldomagalhaes.com.br\/index.php\/wp-json\/wp\/v2\/posts\/104420\/revisions\/104422"}],"wp:featuredmedia":[{"embeddable":true,"href":"https:\/\/blogdoedvaldomagalhaes.com.br\/index.php\/wp-json\/wp\/v2\/media\/104421"}],"wp:attachment":[{"href":"https:\/\/blogdoedvaldomagalhaes.com.br\/index.php\/wp-json\/wp\/v2\/media?parent=104420"}],"wp:term":[{"taxonomy":"category","embeddable":true,"href":"https:\/\/blogdoedvaldomagalhaes.com.br\/index.php\/wp-json\/wp\/v2\/categories?post=104420"},{"taxonomy":"post_tag","embeddable":true,"href":"https:\/\/blogdoedvaldomagalhaes.com.br\/index.php\/wp-json\/wp\/v2\/tags?post=104420"}],"curies":[{"name":"wp","href":"https:\/\/api.w.org\/{rel}","templated":true}]}}