{"id":104417,"date":"2024-01-11T13:56:30","date_gmt":"2024-01-11T16:56:30","guid":{"rendered":"https:\/\/blogdoedvaldomagalhaes.com.br\/?p=104417"},"modified":"2024-01-11T13:56:31","modified_gmt":"2024-01-11T16:56:31","slug":"vagas-abertas-para-curso-basico-de-libras-em-caruaru","status":"publish","type":"post","link":"https:\/\/blogdoedvaldomagalhaes.com.br\/index.php\/2024\/01\/11\/vagas-abertas-para-curso-basico-de-libras-em-caruaru\/","title":{"rendered":"Vagas abertas para Curso B\u00e1sico de Libras em Caruaru"},"content":{"rendered":"<p><span style=\"font-size: revert;\">A Prefeitura de Caruaru, por meio do Servi\u00e7o de Inclus\u00e3o Social para Pessoa com Defici\u00eancia (SISPD), pertencente \u00e0 Ger\u00eancia de Promo\u00e7\u00e3o e Defesa dos Direitos Humanos, vinculado \u00e0 Secretaria de Desenvolvimento Social e Direitos Humanos (SDSDH), anuncia o lan\u00e7amento do Curso B\u00e1sico 1 de Libras.<\/span><\/p>\n<p>O curso tem como objetivo principal proporcionar forma\u00e7\u00e3o e desenvolvimento comunicacional acess\u00edvel para servidores, usu\u00e1rios e familiares de pessoas com defici\u00eancia. Com um total de quinze vagas dispon\u00edveis, o curso est\u00e1 aberto para jovens residentes em Caruaru, com idades entre 16 e 24 anos.<\/p>\n<p>As aulas est\u00e3o programadas para iniciar no dia 26\/01\/2024, no Centro Integrado de Direitos Humanos (CIDH), das 10h \u00e0s 13h. Para se inscrever, os interessados devem preencher o formul\u00e1rio eletr\u00f4nico, por meio do link: https:\/\/forms.gle\/cagXtgXR77rGhBuH6 , at\u00e9 o dia 18\/01\/2024.<\/p>\n<p>&#8220;Este curso marca um passo significativo na busca por uma sociedade mais inclusiva e acess\u00edvel. A Secretaria de Desenvolvimento Social e Direitos Humanos (SDSDH) traz, por meio dessa iniciativa, novas ferramentas que ampliam o horizonte da acessibilidade\u201d, disse o coordenador de Promo\u00e7\u00e3o \u00e0 Pessoa com Defici\u00eancia, Marcos Gerv\u00e1sio.<\/p>\n<p>&#8220;Estamos convocando a sociedade a unir-se a este movimento inclusivo, fortalecendo as pol\u00edticas p\u00fablicas e impulsionando a participa\u00e7\u00e3o ativa das pessoas com defici\u00eancia, em especial, da comunidade surda&#8221;, completou Marcos.<\/p>\n<p>Para obter mais informa\u00e7\u00f5es e realizar inscri\u00e7\u00f5es, o n\u00famero para contato \u00e9: (81) 9.8384-5652 (Whatsapp). Foto: Reprodu\u00e7\u00e3o\/Internet<\/p>\n<p>Seja seguidor do Instagram do Blog @blogdoedvaldomagalhaes<\/p>\n","protected":false},"excerpt":{"rendered":"<p>A Prefeitura de Caruaru, por meio do Servi\u00e7o de Inclus\u00e3o Social para Pessoa com Defici\u00eancia (SISPD), pertencente \u00e0 Ger\u00eancia de&hellip;<\/p>\n","protected":false},"author":1,"featured_media":104418,"comment_status":"closed","ping_status":"open","sticky":false,"template":"","format":"standard","meta":{"footnotes":""},"categories":[14120],"tags":[29440,2,28801,3406,29509],"class_list":["post-104417","post","type-post","status-publish","format-standard","has-post-thumbnail","hentry","category-noticias","tag-blog-com-mais-visualizacao","tag-blog-do-edvaldo-magalhaes","tag-blog-mais-acessado","tag-caruaru","tag-vagas-abertas-para-curso-basico-de-libras-em-caruaru"],"_links":{"self":[{"href":"https:\/\/blogdoedvaldomagalhaes.com.br\/index.php\/wp-json\/wp\/v2\/posts\/104417","targetHints":{"allow":["GET"]}}],"collection":[{"href":"https:\/\/blogdoedvaldomagalhaes.com.br\/index.php\/wp-json\/wp\/v2\/posts"}],"about":[{"href":"https:\/\/blogdoedvaldomagalhaes.com.br\/index.php\/wp-json\/wp\/v2\/types\/post"}],"author":[{"embeddable":true,"href":"https:\/\/blogdoedvaldomagalhaes.com.br\/index.php\/wp-json\/wp\/v2\/users\/1"}],"replies":[{"embeddable":true,"href":"https:\/\/blogdoedvaldomagalhaes.com.br\/index.php\/wp-json\/wp\/v2\/comments?post=104417"}],"version-history":[{"count":1,"href":"https:\/\/blogdoedvaldomagalhaes.com.br\/index.php\/wp-json\/wp\/v2\/posts\/104417\/revisions"}],"predecessor-version":[{"id":104419,"href":"https:\/\/blogdoedvaldomagalhaes.com.br\/index.php\/wp-json\/wp\/v2\/posts\/104417\/revisions\/104419"}],"wp:featuredmedia":[{"embeddable":true,"href":"https:\/\/blogdoedvaldomagalhaes.com.br\/index.php\/wp-json\/wp\/v2\/media\/104418"}],"wp:attachment":[{"href":"https:\/\/blogdoedvaldomagalhaes.com.br\/index.php\/wp-json\/wp\/v2\/media?parent=104417"}],"wp:term":[{"taxonomy":"category","embeddable":true,"href":"https:\/\/blogdoedvaldomagalhaes.com.br\/index.php\/wp-json\/wp\/v2\/categories?post=104417"},{"taxonomy":"post_tag","embeddable":true,"href":"https:\/\/blogdoedvaldomagalhaes.com.br\/index.php\/wp-json\/wp\/v2\/tags?post=104417"}],"curies":[{"name":"wp","href":"https:\/\/api.w.org\/{rel}","templated":true}]}}