{"id":1044,"date":"2018-10-08T21:10:00","date_gmt":"2018-10-09T00:10:00","guid":{"rendered":"http:\/\/blogdoedvaldomagalhaes.com.br\/index.php\/2018\/10\/08\/delegado-lessa-assumo-compromissos-co\/"},"modified":"2019-02-09T02:34:33","modified_gmt":"2019-02-09T04:34:33","slug":"delegado-lessa-assumo-compromissos-co","status":"publish","type":"post","link":"https:\/\/blogdoedvaldomagalhaes.com.br\/index.php\/2018\/10\/08\/delegado-lessa-assumo-compromissos-co\/","title":{"rendered":"Delegado Lessa: &#8220;Assumo compromissos com a seguran\u00e7a p\u00fablica, defesa dos valores da fam\u00edlia, transpar\u00eancia e combate \u00e0 corrup\u00e7\u00e3o&#8221;"},"content":{"rendered":"<div class=\"separator\" style=\"clear: both; text-align: center;\">\n<a href=\"https:\/\/4.bp.blogspot.com\/-lvXY39LTg0A\/W7vG7Fsw3fI\/AAAAAAAA7gM\/6VCmQ4mKrQYi9aCPHX_fdbzbQU7oJEwcQCLcBGAs\/s1600\/lessa.JPG\" imageanchor=\"1\" style=\"margin-left: 1em; margin-right: 1em;\"><img loading=\"lazy\" decoding=\"async\" border=\"0\" data-original-height=\"1060\" data-original-width=\"1600\" height=\"422\" src=\"http:\/\/blogdoedvaldomagalhaes.com.br\/wp-content\/uploads\/2018\/10\/lessa-1.jpg\" width=\"640\" \/><\/a><\/div>\n<div class=\"separator\" style=\"clear: both; text-align: center;\">\nCr\u00e9ditos: Viliane Gomes<\/div>\n<div style=\"text-align: justify;\">\n<\/div>\n<div style=\"text-align: justify;\">\nCom 29.128 votos, o Delegado Lessa (Progressistas) foi eleito deputado estadual. Ele participar\u00e1 da 19\u00aa legislatura da Assembleia Legislativa de Pernambuco (Alepe) assumindo compromissos sobretudo referentes a seguran\u00e7a p\u00fablica, defesa dos valores da fam\u00edlia, transpar\u00eancia e combate \u00e0 corrup\u00e7\u00e3o.<\/div>\n<div style=\"text-align: justify;\">\n<\/div>\n<div style=\"text-align: justify;\">\nO Delegado celebrou a vit\u00f3ria destacando a responsabilidade do mandato. \u201cFizemos uma campanha com poucos recursos, enfrentando grandes estruturas econ\u00f4micas. Mesmo assim, gra\u00e7as a Deus, conquistamos a vit\u00f3ria e mostramos que \u00e9 poss\u00edvel fazer uma pol\u00edtica limpa\u201d, afirmou.<\/div>\n<div style=\"text-align: justify;\">\n<\/div>\n<div style=\"text-align: justify;\">\n<div class=\"separator\" style=\"clear: both; text-align: center;\">\n<a href=\"https:\/\/4.bp.blogspot.com\/-o1HfPrOt_CU\/W7vHF8S95dI\/AAAAAAAA7gQ\/SsJ9ibyEqeM4IV6QBWv_SMOl3ChjMU1fACLcBGAs\/s1600\/lessa%2B1.jpeg\" imageanchor=\"1\" style=\"margin-left: 1em; margin-right: 1em;\"><img loading=\"lazy\" decoding=\"async\" border=\"0\" data-original-height=\"878\" data-original-width=\"1280\" height=\"434\" src=\"http:\/\/blogdoedvaldomagalhaes.com.br\/wp-content\/uploads\/2018\/10\/lessa1-1.jpeg\" width=\"640\" \/><\/a><\/div>\n<\/div>\n<div style=\"text-align: justify;\">\n<\/div>\n<div style=\"text-align: justify;\">\nVale ressaltar que os deputados estaduais possuem tr\u00eas fun\u00e7\u00f5es b\u00e1sicas, a saber: legislar acerca de assuntos relacionados ao estado; fiscalizar a atua\u00e7\u00e3o do governador; e representar \u2013 ou seja, ser a \u2018voz pol\u00edtica\u2019 \u2013 do povo.<\/div>\n<div style=\"text-align: justify;\">\n<\/div>\n<div style=\"text-align: justify;\">\n&nbsp;<\/div>\n","protected":false},"excerpt":{"rendered":"<p>Cr\u00e9ditos: Viliane Gomes Com 29.128 votos, o Delegado Lessa (Progressistas) foi eleito deputado estadual. Ele participar\u00e1 da 19\u00aa legislatura da&hellip;<\/p>\n","protected":false},"author":1,"featured_media":0,"comment_status":"open","ping_status":"open","sticky":false,"template":"","format":"standard","meta":{"footnotes":""},"categories":[1],"tags":[2,979,980,20,981],"class_list":["post-1044","post","type-post","status-publish","format-standard","hentry","category-sem-categoria","tag-blog-do-edvaldo-magalhaes","tag-defesa-dos-valores-da-familia","tag-delegado-lessa-assumo-compromissos-com-a-seguranca-publica","tag-politica","tag-transparencia-e-combate-a-corrupcao"],"_links":{"self":[{"href":"https:\/\/blogdoedvaldomagalhaes.com.br\/index.php\/wp-json\/wp\/v2\/posts\/1044","targetHints":{"allow":["GET"]}}],"collection":[{"href":"https:\/\/blogdoedvaldomagalhaes.com.br\/index.php\/wp-json\/wp\/v2\/posts"}],"about":[{"href":"https:\/\/blogdoedvaldomagalhaes.com.br\/index.php\/wp-json\/wp\/v2\/types\/post"}],"author":[{"embeddable":true,"href":"https:\/\/blogdoedvaldomagalhaes.com.br\/index.php\/wp-json\/wp\/v2\/users\/1"}],"replies":[{"embeddable":true,"href":"https:\/\/blogdoedvaldomagalhaes.com.br\/index.php\/wp-json\/wp\/v2\/comments?post=1044"}],"version-history":[{"count":1,"href":"https:\/\/blogdoedvaldomagalhaes.com.br\/index.php\/wp-json\/wp\/v2\/posts\/1044\/revisions"}],"predecessor-version":[{"id":34811,"href":"https:\/\/blogdoedvaldomagalhaes.com.br\/index.php\/wp-json\/wp\/v2\/posts\/1044\/revisions\/34811"}],"wp:attachment":[{"href":"https:\/\/blogdoedvaldomagalhaes.com.br\/index.php\/wp-json\/wp\/v2\/media?parent=1044"}],"wp:term":[{"taxonomy":"category","embeddable":true,"href":"https:\/\/blogdoedvaldomagalhaes.com.br\/index.php\/wp-json\/wp\/v2\/categories?post=1044"},{"taxonomy":"post_tag","embeddable":true,"href":"https:\/\/blogdoedvaldomagalhaes.com.br\/index.php\/wp-json\/wp\/v2\/tags?post=1044"}],"curies":[{"name":"wp","href":"https:\/\/api.w.org\/{rel}","templated":true}]}}