{"id":1043,"date":"2018-10-08T21:23:00","date_gmt":"2018-10-09T00:23:00","guid":{"rendered":"http:\/\/blogdoedvaldomagalhaes.com.br\/index.php\/2018\/10\/08\/bolsonaro-x-haddad-saiba-quando-serao\/"},"modified":"2019-02-09T02:34:34","modified_gmt":"2019-02-09T04:34:34","slug":"bolsonaro-x-haddad-saiba-quando-serao","status":"publish","type":"post","link":"https:\/\/blogdoedvaldomagalhaes.com.br\/index.php\/2018\/10\/08\/bolsonaro-x-haddad-saiba-quando-serao\/","title":{"rendered":"Bolsonaro x Haddad: Saiba quando ser\u00e3o os debates na TV"},"content":{"rendered":"<div class=\"separator\" style=\"clear: both; text-align: center;\">\n<a href=\"https:\/\/4.bp.blogspot.com\/-YPMeypkf-Ws\/W7vKwupMd1I\/AAAAAAAA7gg\/NI4GaqwRu5QD-SZKkUs1PQ27uMgR251ywCLcBGAs\/s1600\/dois.PNG\" imageanchor=\"1\" style=\"margin-left: 1em; margin-right: 1em;\"><img loading=\"lazy\" decoding=\"async\" border=\"0\" data-original-height=\"400\" data-original-width=\"770\" height=\"330\" src=\"http:\/\/blogdoedvaldomagalhaes.com.br\/wp-content\/uploads\/2018\/10\/dois.jpg\" width=\"640\" \/><\/a><\/div>\n<p><\/p>\n<div style=\"text-align: justify;\">\nJair Bolsonaro do PSL e Fernando Haddad do PT disputam o 2\u00ba turno das elei\u00e7\u00f5es presidenciais no dia 28 de outubro, e at\u00e9 l\u00e1, alguns debates ser\u00e3o realizados por emissoras de TV. Confira os dias e hor\u00e1rios abaixo:&nbsp;<\/div>\n<div style=\"text-align: justify;\">\n<br \/>\n11\/10 &#8211; Band&nbsp; &nbsp; &nbsp; &nbsp; &nbsp;&#8211;&nbsp; &nbsp;\u00e0s 22h<br \/>\n14\/10 &#8211; Gazeta&nbsp; &nbsp; &nbsp;&#8211;&nbsp; &nbsp;\u00e0s 1930<br \/>\n15\/10 &#8211; Rede TV! &#8211;&nbsp; &nbsp;\u00e0s 22h<br \/>\n17\/10 &#8211; SBT&nbsp; &nbsp; &nbsp; &nbsp; &nbsp;&#8211;&nbsp; &nbsp;\u00e0s 18h20<br \/>\n21\/10 &#8211; Record&nbsp; &nbsp; &#8211;&nbsp; &nbsp;\u00e0s 22h<br \/>\n26\/1- &#8211; Globo&nbsp; &nbsp; &nbsp; &nbsp;&#8211;&nbsp; &nbsp;\u00e0s 21h30&nbsp;<\/p>\n<\/div>\n","protected":false},"excerpt":{"rendered":"<p>Jair Bolsonaro do PSL e Fernando Haddad do PT disputam o 2\u00ba turno das elei\u00e7\u00f5es presidenciais no dia 28 de&hellip;<\/p>\n","protected":false},"author":1,"featured_media":0,"comment_status":"open","ping_status":"open","sticky":false,"template":"","format":"standard","meta":{"footnotes":""},"categories":[1],"tags":[2,978,20],"class_list":["post-1043","post","type-post","status-publish","format-standard","hentry","category-sem-categoria","tag-blog-do-edvaldo-magalhaes","tag-bolsonaro-x-haddad-saiba-quando-serao-os-debates-na-tv","tag-politica"],"_links":{"self":[{"href":"https:\/\/blogdoedvaldomagalhaes.com.br\/index.php\/wp-json\/wp\/v2\/posts\/1043","targetHints":{"allow":["GET"]}}],"collection":[{"href":"https:\/\/blogdoedvaldomagalhaes.com.br\/index.php\/wp-json\/wp\/v2\/posts"}],"about":[{"href":"https:\/\/blogdoedvaldomagalhaes.com.br\/index.php\/wp-json\/wp\/v2\/types\/post"}],"author":[{"embeddable":true,"href":"https:\/\/blogdoedvaldomagalhaes.com.br\/index.php\/wp-json\/wp\/v2\/users\/1"}],"replies":[{"embeddable":true,"href":"https:\/\/blogdoedvaldomagalhaes.com.br\/index.php\/wp-json\/wp\/v2\/comments?post=1043"}],"version-history":[{"count":1,"href":"https:\/\/blogdoedvaldomagalhaes.com.br\/index.php\/wp-json\/wp\/v2\/posts\/1043\/revisions"}],"predecessor-version":[{"id":34813,"href":"https:\/\/blogdoedvaldomagalhaes.com.br\/index.php\/wp-json\/wp\/v2\/posts\/1043\/revisions\/34813"}],"wp:attachment":[{"href":"https:\/\/blogdoedvaldomagalhaes.com.br\/index.php\/wp-json\/wp\/v2\/media?parent=1043"}],"wp:term":[{"taxonomy":"category","embeddable":true,"href":"https:\/\/blogdoedvaldomagalhaes.com.br\/index.php\/wp-json\/wp\/v2\/categories?post=1043"},{"taxonomy":"post_tag","embeddable":true,"href":"https:\/\/blogdoedvaldomagalhaes.com.br\/index.php\/wp-json\/wp\/v2\/tags?post=1043"}],"curies":[{"name":"wp","href":"https:\/\/api.w.org\/{rel}","templated":true}]}}