{"id":104209,"date":"2023-12-30T13:04:45","date_gmt":"2023-12-30T16:04:45","guid":{"rendered":"https:\/\/blogdoedvaldomagalhaes.com.br\/?p=104209"},"modified":"2023-12-30T13:23:00","modified_gmt":"2023-12-30T16:23:00","slug":"jefferson-paz-assume-coordenacao-do-expresso-empreendedor-em-caruaru","status":"publish","type":"post","link":"https:\/\/blogdoedvaldomagalhaes.com.br\/index.php\/2023\/12\/30\/jefferson-paz-assume-coordenacao-do-expresso-empreendedor-em-caruaru\/","title":{"rendered":"Jefferson Paz assume coordena\u00e7\u00e3o do Expresso Empreendedor em Caruaru"},"content":{"rendered":"<p><span style=\"font-size: revert;\">Saiu no Di\u00e1rio Oficial de hoje(30), nomea\u00e7\u00e3o de Jefferson Paz na Secretaria de Desenvolvimento Profissional e Empreendedorismo de Pernambuco.<\/span><\/p>\n<p>O jovem responder\u00e1 pela gest\u00e3o do Expresso Empreendedor Caruaru, a partir da pr\u00f3xima ter\u00e7a-feira(02). A indica\u00e7\u00e3o \u00e9 fruto de uma articula\u00e7\u00e3o de Tony Gel e Tonynho Rodrigues junto \u00e0 governadora Raquel Lyra.<\/p>\n<p>Jefferson Paz \u00e9 formado em Administra\u00e7\u00e3o P\u00fablica pela ASCES\/UNITA e p\u00f3s graduado em Gest\u00e3o e Governan\u00e7a P\u00fablica. Foi diretor da 4\u00aaCiretran Caruaru, respons\u00e1vel por importantes e consider\u00e1veis mudan\u00e7as no \u00f3rg\u00e3o e sempre esteve ligado ao grupo de Tony Gel. Foto: Divulga\u00e7\u00e3o<\/p>\n<p>Seja seguidor do Instagram do Blog @blogdoedvaldomagalhaes<\/p>\n","protected":false},"excerpt":{"rendered":"<p>Saiu no Di\u00e1rio Oficial de hoje(30), nomea\u00e7\u00e3o de Jefferson Paz na Secretaria de Desenvolvimento Profissional e Empreendedorismo de Pernambuco. O&hellip;<\/p>\n","protected":false},"author":1,"featured_media":104210,"comment_status":"closed","ping_status":"open","sticky":false,"template":"","format":"standard","meta":{"footnotes":""},"categories":[14120],"tags":[29440,2,28801,3406,29462],"class_list":["post-104209","post","type-post","status-publish","format-standard","has-post-thumbnail","hentry","category-noticias","tag-blog-com-mais-visualizacao","tag-blog-do-edvaldo-magalhaes","tag-blog-mais-acessado","tag-caruaru","tag-jefferson-paz-assume-coordenacao-do-expresso-empreendedor-em-caruaru"],"_links":{"self":[{"href":"https:\/\/blogdoedvaldomagalhaes.com.br\/index.php\/wp-json\/wp\/v2\/posts\/104209","targetHints":{"allow":["GET"]}}],"collection":[{"href":"https:\/\/blogdoedvaldomagalhaes.com.br\/index.php\/wp-json\/wp\/v2\/posts"}],"about":[{"href":"https:\/\/blogdoedvaldomagalhaes.com.br\/index.php\/wp-json\/wp\/v2\/types\/post"}],"author":[{"embeddable":true,"href":"https:\/\/blogdoedvaldomagalhaes.com.br\/index.php\/wp-json\/wp\/v2\/users\/1"}],"replies":[{"embeddable":true,"href":"https:\/\/blogdoedvaldomagalhaes.com.br\/index.php\/wp-json\/wp\/v2\/comments?post=104209"}],"version-history":[{"count":1,"href":"https:\/\/blogdoedvaldomagalhaes.com.br\/index.php\/wp-json\/wp\/v2\/posts\/104209\/revisions"}],"predecessor-version":[{"id":104211,"href":"https:\/\/blogdoedvaldomagalhaes.com.br\/index.php\/wp-json\/wp\/v2\/posts\/104209\/revisions\/104211"}],"wp:featuredmedia":[{"embeddable":true,"href":"https:\/\/blogdoedvaldomagalhaes.com.br\/index.php\/wp-json\/wp\/v2\/media\/104210"}],"wp:attachment":[{"href":"https:\/\/blogdoedvaldomagalhaes.com.br\/index.php\/wp-json\/wp\/v2\/media?parent=104209"}],"wp:term":[{"taxonomy":"category","embeddable":true,"href":"https:\/\/blogdoedvaldomagalhaes.com.br\/index.php\/wp-json\/wp\/v2\/categories?post=104209"},{"taxonomy":"post_tag","embeddable":true,"href":"https:\/\/blogdoedvaldomagalhaes.com.br\/index.php\/wp-json\/wp\/v2\/tags?post=104209"}],"curies":[{"name":"wp","href":"https:\/\/api.w.org\/{rel}","templated":true}]}}