{"id":104206,"date":"2023-12-30T11:59:10","date_gmt":"2023-12-30T14:59:10","guid":{"rendered":"https:\/\/blogdoedvaldomagalhaes.com.br\/?p=104206"},"modified":"2023-12-30T11:59:11","modified_gmt":"2023-12-30T14:59:11","slug":"morre-diacono-manoel-sebastiao-pereira","status":"publish","type":"post","link":"https:\/\/blogdoedvaldomagalhaes.com.br\/index.php\/2023\/12\/30\/morre-diacono-manoel-sebastiao-pereira\/","title":{"rendered":"Morre Di\u00e1cono Manoel Sebasti\u00e3o Pereira"},"content":{"rendered":"<p>Faleceu neste s\u00e1bado (30.12), o Di\u00e1cono Manoel Sebasti\u00e3o Pereira, que nasceu no dia 15 de agosto de 1938, e tinha 85 anos de idade. A Missa de corpo presente ser\u00e1 celebrada \u00e0s 15h30, e o sepultamento ser\u00e1 \u00e0s \u00a016h30, no Cemit\u00e9rio Parque dos Arcos, neste s\u00e1bado (29.13).<\/p>\n<p>Seja seguidor do Instagram do Blog, para comentar @blogdoedvaldomagalhaes<\/p>\n","protected":false},"excerpt":{"rendered":"<p>Faleceu neste s\u00e1bado (30.12), o Di\u00e1cono Manoel Sebasti\u00e3o Pereira, que nasceu no dia 15 de agosto de 1938, e tinha&hellip;<\/p>\n","protected":false},"author":1,"featured_media":104207,"comment_status":"closed","ping_status":"open","sticky":false,"template":"","format":"standard","meta":{"footnotes":""},"categories":[14120],"tags":[29440,2,28801,3406,29461],"class_list":["post-104206","post","type-post","status-publish","format-standard","has-post-thumbnail","hentry","category-noticias","tag-blog-com-mais-visualizacao","tag-blog-do-edvaldo-magalhaes","tag-blog-mais-acessado","tag-caruaru","tag-morre-diacono-manoel-sebastiao-pereira"],"_links":{"self":[{"href":"https:\/\/blogdoedvaldomagalhaes.com.br\/index.php\/wp-json\/wp\/v2\/posts\/104206","targetHints":{"allow":["GET"]}}],"collection":[{"href":"https:\/\/blogdoedvaldomagalhaes.com.br\/index.php\/wp-json\/wp\/v2\/posts"}],"about":[{"href":"https:\/\/blogdoedvaldomagalhaes.com.br\/index.php\/wp-json\/wp\/v2\/types\/post"}],"author":[{"embeddable":true,"href":"https:\/\/blogdoedvaldomagalhaes.com.br\/index.php\/wp-json\/wp\/v2\/users\/1"}],"replies":[{"embeddable":true,"href":"https:\/\/blogdoedvaldomagalhaes.com.br\/index.php\/wp-json\/wp\/v2\/comments?post=104206"}],"version-history":[{"count":1,"href":"https:\/\/blogdoedvaldomagalhaes.com.br\/index.php\/wp-json\/wp\/v2\/posts\/104206\/revisions"}],"predecessor-version":[{"id":104208,"href":"https:\/\/blogdoedvaldomagalhaes.com.br\/index.php\/wp-json\/wp\/v2\/posts\/104206\/revisions\/104208"}],"wp:featuredmedia":[{"embeddable":true,"href":"https:\/\/blogdoedvaldomagalhaes.com.br\/index.php\/wp-json\/wp\/v2\/media\/104207"}],"wp:attachment":[{"href":"https:\/\/blogdoedvaldomagalhaes.com.br\/index.php\/wp-json\/wp\/v2\/media?parent=104206"}],"wp:term":[{"taxonomy":"category","embeddable":true,"href":"https:\/\/blogdoedvaldomagalhaes.com.br\/index.php\/wp-json\/wp\/v2\/categories?post=104206"},{"taxonomy":"post_tag","embeddable":true,"href":"https:\/\/blogdoedvaldomagalhaes.com.br\/index.php\/wp-json\/wp\/v2\/tags?post=104206"}],"curies":[{"name":"wp","href":"https:\/\/api.w.org\/{rel}","templated":true}]}}