{"id":104203,"date":"2023-12-30T11:27:19","date_gmt":"2023-12-30T14:27:19","guid":{"rendered":"https:\/\/blogdoedvaldomagalhaes.com.br\/?p=104203"},"modified":"2023-12-30T11:27:46","modified_gmt":"2023-12-30T14:27:46","slug":"governo-pe-convoca-742-novos-servidores-e-alcanca-o-maior-numeros-de-nomeacoes-dos-ultimos-dez-anos","status":"publish","type":"post","link":"https:\/\/blogdoedvaldomagalhaes.com.br\/index.php\/2023\/12\/30\/governo-pe-convoca-742-novos-servidores-e-alcanca-o-maior-numeros-de-nomeacoes-dos-ultimos-dez-anos\/","title":{"rendered":"Governo-PE convoca 742 novos servidores e alcan\u00e7a o maior n\u00fameros de nomea\u00e7\u00f5es dos \u00faltimos dez anos"},"content":{"rendered":"<p><span style=\"font-size: revert;\">O Governo de Pernambuco convocou 742 novos servidores para compor os quadros da Secretaria de Educa\u00e7\u00e3o, da Ag\u00eancia de Defesa e Fiscaliza\u00e7\u00e3o Agropecu\u00e1ria de Pernambuco (Adagro) e da Funda\u00e7\u00e3o de Aposentadoria e Pens\u00f5es dos Servidores de Pernambuco (Funape). A nomea\u00e7\u00e3o foi assinada pela governadora Raquel Lyra e publicada na edi\u00e7\u00e3o do Diario Oficial do Estado deste s\u00e1bado (30). Com esse refor\u00e7o, o estado alcan\u00e7a a marca de 5.945 nomea\u00e7\u00f5es, maior n\u00famero registrado nos \u00faltimos dez anos.<\/span><\/p>\n<p>&#8220;Chegamos ao \u00faltimo dia do ano com quase seis mil novos servidores nomeados, um recorde para um primeiro ano de governo, todos escolhidos via concurso p\u00fablico. Isso tudo foi poss\u00edvel a partir de um trabalho s\u00e9rio e ininterrupto, que orgazinou as contas e arrumou a casa, garantindo refor\u00e7o em \u00e1reas fundamentais, como educa\u00e7\u00e3o, seguran\u00e7a e sa\u00fade. Junto com esses novos servidores vamos fazendo as mudan\u00e7as que Pernambuco quer e precisa&#8221;, destacou Raquel Lyra.<\/p>\n<p>Do total, 674 profissionais ser\u00e3o locados na Educa\u00e7\u00e3o, sendo 509 professores, 77 analistas em gest\u00e3o educacional e 88 assistentes administrativos educacionais. Outros 33 exercer\u00e3o as atividades na Adagro, sendo 15 fiscais de defesa agropecu\u00e1ria e 18 assistentes de defesa agropecu\u00e1ria. E por fim 35 novos servidores desempenhar\u00e3o suas fun\u00e7\u00f5es na Funape, sendo 34 analistas em gest\u00e3o previdenci\u00e1ria e 01 analista jur\u00eddico previdenci\u00e1rio.<\/p>\n<p>Para a secret\u00e1ria de Administra\u00e7\u00e3o, Ana Mara\u00edza, a amplia\u00e7\u00e3o do quadro de servidores efetivos do Estado \u00e9 tamb\u00e9m um compromisso da atual gest\u00e3o. \u201cEssa foi uma das miss\u00f5es que recebemos da governadora Raquel Lyra, a recomposi\u00e7\u00e3o do quadro funcional. Com mais servidores poderemos ofertar servi\u00e7os de mais qualidade \u00e0 popula\u00e7\u00e3o\u201d, pontuou a titular da pasta.<\/p>\n<p>Com essas nomea\u00e7\u00f5es, o Governo do Estado soma 5.945 novos profissionais para quadros em diferentes secretarias. Entre as \u00e1reas mais befeciadas est\u00e3o educa\u00e7\u00e3o, sa\u00fade e seguran\u00e7a, com 5,1 mil novos profissionais.<\/p>\n<p>Foto: Jana\u00edna Pepeu\/Secom.<\/p>\n<p>Seja seguidor do Instagram do Blog @blogdoedvaldomagalhaes<\/p>\n","protected":false},"excerpt":{"rendered":"<p>O Governo de Pernambuco convocou 742 novos servidores para compor os quadros da Secretaria de Educa\u00e7\u00e3o, da Ag\u00eancia de Defesa&hellip;<\/p>\n","protected":false},"author":1,"featured_media":104204,"comment_status":"closed","ping_status":"open","sticky":false,"template":"","format":"standard","meta":{"footnotes":""},"categories":[14122],"tags":[29440,2,28801,3406,29460,20295,1229],"class_list":["post-104203","post","type-post","status-publish","format-standard","has-post-thumbnail","hentry","category-politica","tag-blog-com-mais-visualizacao","tag-blog-do-edvaldo-magalhaes","tag-blog-mais-acessado","tag-caruaru","tag-governo-pe-convoca-742-novos-servidores-e-alcanca-o-maior-numeros-de-nomeacoes-dos-ultimos-dez-anos","tag-politica-2","tag-raquel-lyra"],"_links":{"self":[{"href":"https:\/\/blogdoedvaldomagalhaes.com.br\/index.php\/wp-json\/wp\/v2\/posts\/104203","targetHints":{"allow":["GET"]}}],"collection":[{"href":"https:\/\/blogdoedvaldomagalhaes.com.br\/index.php\/wp-json\/wp\/v2\/posts"}],"about":[{"href":"https:\/\/blogdoedvaldomagalhaes.com.br\/index.php\/wp-json\/wp\/v2\/types\/post"}],"author":[{"embeddable":true,"href":"https:\/\/blogdoedvaldomagalhaes.com.br\/index.php\/wp-json\/wp\/v2\/users\/1"}],"replies":[{"embeddable":true,"href":"https:\/\/blogdoedvaldomagalhaes.com.br\/index.php\/wp-json\/wp\/v2\/comments?post=104203"}],"version-history":[{"count":1,"href":"https:\/\/blogdoedvaldomagalhaes.com.br\/index.php\/wp-json\/wp\/v2\/posts\/104203\/revisions"}],"predecessor-version":[{"id":104205,"href":"https:\/\/blogdoedvaldomagalhaes.com.br\/index.php\/wp-json\/wp\/v2\/posts\/104203\/revisions\/104205"}],"wp:featuredmedia":[{"embeddable":true,"href":"https:\/\/blogdoedvaldomagalhaes.com.br\/index.php\/wp-json\/wp\/v2\/media\/104204"}],"wp:attachment":[{"href":"https:\/\/blogdoedvaldomagalhaes.com.br\/index.php\/wp-json\/wp\/v2\/media?parent=104203"}],"wp:term":[{"taxonomy":"category","embeddable":true,"href":"https:\/\/blogdoedvaldomagalhaes.com.br\/index.php\/wp-json\/wp\/v2\/categories?post=104203"},{"taxonomy":"post_tag","embeddable":true,"href":"https:\/\/blogdoedvaldomagalhaes.com.br\/index.php\/wp-json\/wp\/v2\/tags?post=104203"}],"curies":[{"name":"wp","href":"https:\/\/api.w.org\/{rel}","templated":true}]}}