{"id":104200,"date":"2023-12-30T08:04:36","date_gmt":"2023-12-30T11:04:36","guid":{"rendered":"https:\/\/blogdoedvaldomagalhaes.com.br\/?p=104200"},"modified":"2023-12-30T08:04:37","modified_gmt":"2023-12-30T11:04:37","slug":"pm-apreende-moto-clonada-e-prende-dois-homens","status":"publish","type":"post","link":"https:\/\/blogdoedvaldomagalhaes.com.br\/index.php\/2023\/12\/30\/pm-apreende-moto-clonada-e-prende-dois-homens\/","title":{"rendered":"PM apreende moto clonada e prende dois homens"},"content":{"rendered":"<p><span style=\"font-size: revert;\">Nessa sexta-feira (29.12), por volta das 22h30, a ROCAM realizava rondas no Bairro Prado na cidade de Pesqueira, no Agreste de Pernambuco, quando visualizou dois indiv\u00edduos numa moto de cor preta, de placa PDL 4856, com v\u00e1rias irregularidades vis\u00edveis. De pronto, foi realizado o acompanhamento do ve\u00edculo, momento em que ocorreu a intercepta\u00e7\u00e3o da motocicleta j\u00e1 no bairro Centen\u00e1rio, onde foi feita a devida abordagem ao condutor, com nome preservado pela pol\u00edcia , bem como no passageiro, que tamb\u00e9m tem o nome preservado pela pol\u00edcia (por for\u00e7a lei) o qual n\u00e3o possu\u00eda o CRLV do ve\u00edculo. Em ato continuo, foi realizada uma observa\u00e7\u00e3o no chassi, o qual pareceu ser, possivelmente, adulterado. <\/span><span style=\"font-size: revert;\">Ap\u00f3s dilig\u00eancias nesse sentido com o fito de esclarecer\/sanar a d\u00favida, constatou-se que a moto era clonada.<\/p>\n<p>Diante dos fatos, as partes foram apresentadas juntamente com a motocicleta apreendida na DP de plant\u00e3o de Belo Jardim, para que fossem tomadas as medidas cab\u00edveis necess\u00e1rias. Conforme a entrega da Ocorr\u00eancia na Delegacia, foi lavrado um APFD dos envolvidos relativo ao fato. Foto: Divulga\u00e7\u00e3o\/PMPE.<\/span><\/p>\n<p>Seja seguidor do Instagram do Blog @blogdoedvaldomagalhaes<\/p>\n<p>*TEN CEL QOPM &#8211; LEONE SENA*<br \/>\nComandante da 8\u00aa CIPM<\/p>\n<p>_&#8221;Pol\u00edcia Militar de Pernambuco Nossa Presen\u00e7a Sua Seguran\u00e7a&#8221;_<\/p>\n","protected":false},"excerpt":{"rendered":"<p>Nessa sexta-feira (29.12), por volta das 22h30, a ROCAM realizava rondas no Bairro Prado na cidade de Pesqueira, no Agreste&hellip;<\/p>\n","protected":false},"author":1,"featured_media":104201,"comment_status":"closed","ping_status":"open","sticky":false,"template":"","format":"standard","meta":{"footnotes":""},"categories":[14121],"tags":[2,28801,3406,29459],"class_list":["post-104200","post","type-post","status-publish","format-standard","has-post-thumbnail","hentry","category-policial","tag-blog-do-edvaldo-magalhaes","tag-blog-mais-acessado","tag-caruaru","tag-pm-apreende-moto-clonada-e-prende-dois-homens"],"_links":{"self":[{"href":"https:\/\/blogdoedvaldomagalhaes.com.br\/index.php\/wp-json\/wp\/v2\/posts\/104200","targetHints":{"allow":["GET"]}}],"collection":[{"href":"https:\/\/blogdoedvaldomagalhaes.com.br\/index.php\/wp-json\/wp\/v2\/posts"}],"about":[{"href":"https:\/\/blogdoedvaldomagalhaes.com.br\/index.php\/wp-json\/wp\/v2\/types\/post"}],"author":[{"embeddable":true,"href":"https:\/\/blogdoedvaldomagalhaes.com.br\/index.php\/wp-json\/wp\/v2\/users\/1"}],"replies":[{"embeddable":true,"href":"https:\/\/blogdoedvaldomagalhaes.com.br\/index.php\/wp-json\/wp\/v2\/comments?post=104200"}],"version-history":[{"count":1,"href":"https:\/\/blogdoedvaldomagalhaes.com.br\/index.php\/wp-json\/wp\/v2\/posts\/104200\/revisions"}],"predecessor-version":[{"id":104202,"href":"https:\/\/blogdoedvaldomagalhaes.com.br\/index.php\/wp-json\/wp\/v2\/posts\/104200\/revisions\/104202"}],"wp:featuredmedia":[{"embeddable":true,"href":"https:\/\/blogdoedvaldomagalhaes.com.br\/index.php\/wp-json\/wp\/v2\/media\/104201"}],"wp:attachment":[{"href":"https:\/\/blogdoedvaldomagalhaes.com.br\/index.php\/wp-json\/wp\/v2\/media?parent=104200"}],"wp:term":[{"taxonomy":"category","embeddable":true,"href":"https:\/\/blogdoedvaldomagalhaes.com.br\/index.php\/wp-json\/wp\/v2\/categories?post=104200"},{"taxonomy":"post_tag","embeddable":true,"href":"https:\/\/blogdoedvaldomagalhaes.com.br\/index.php\/wp-json\/wp\/v2\/tags?post=104200"}],"curies":[{"name":"wp","href":"https:\/\/api.w.org\/{rel}","templated":true}]}}