{"id":1042,"date":"2018-10-09T01:06:00","date_gmt":"2018-10-09T04:06:00","guid":{"rendered":"http:\/\/blogdoedvaldomagalhaes.com.br\/index.php\/2018\/10\/09\/prefeitura-de-caruaru-traz-semana-da\/"},"modified":"2019-02-09T02:34:34","modified_gmt":"2019-02-09T04:34:34","slug":"prefeitura-de-caruaru-traz-semana-da","status":"publish","type":"post","link":"https:\/\/blogdoedvaldomagalhaes.com.br\/index.php\/2018\/10\/09\/prefeitura-de-caruaru-traz-semana-da\/","title":{"rendered":"Prefeitura de Caruaru traz a Semana da Crian\u00e7a com dan\u00e7a, teatro e cinema"},"content":{"rendered":"<div class=\"separator\" style=\"clear: both; text-align: justify;\">\n<\/div>\n<ul>\n<li><a href=\"https:\/\/3.bp.blogspot.com\/-LWG7GX1UnXg\/W7v-iI7Za4I\/AAAAAAAA7gs\/7c73ekOU9bEzeVuZwj3c9A-pYn9b5ifFACLcBGAs\/s1600\/IMG-20181008-WA0054.jpg\" imageanchor=\"1\" style=\"margin-left: 1em; margin-right: 1em;\"><img loading=\"lazy\" decoding=\"async\" border=\"0\" data-original-height=\"1200\" data-original-width=\"1200\" height=\"640\" src=\"http:\/\/blogdoedvaldomagalhaes.com.br\/wp-content\/uploads\/2018\/10\/IMG-20181008-WA0054.jpg\" width=\"640\" \/><\/a><\/li>\n<\/ul>\n<div class=\"separator\" style=\"clear: both; text-align: center;\">\n<a href=\"https:\/\/1.bp.blogspot.com\/-GwABDcmv4QE\/W7v-kFrI75I\/AAAAAAAA7gw\/LiMtfxIKMCIPRYBQGe9egW9YtZIj9xSnQCLcBGAs\/s1600\/IMG-20181008-WA0069.jpg\" imageanchor=\"1\" style=\"margin-left: 1em; margin-right: 1em;\"><img loading=\"lazy\" decoding=\"async\" border=\"0\" data-original-height=\"1200\" data-original-width=\"1200\" height=\"640\" src=\"http:\/\/blogdoedvaldomagalhaes.com.br\/wp-content\/uploads\/2018\/10\/IMG-20181008-WA0069.jpg\" width=\"640\" \/><\/a><\/div>\n<p><\/p>\n<div style=\"text-align: justify;\">\nA Prefeitura de&nbsp; Caruaru, atrav\u00e9s da Funda\u00e7\u00e3o de Cultura e Turismo, fez uma vasta programa\u00e7\u00e3o para a crian\u00e7ada da Capital do Agreste. O evento deste ano ter\u00e1 o tema \u201cCrian\u00e7a \u00e9 para ser crian\u00e7a, crian\u00e7a \u00e9 para ser feliz\u201d e&nbsp; acontecer\u00e1 na Pra\u00e7a da Crian\u00e7a, de 09 a 12 de outubro. Uma mostra itinerante de teatro tamb\u00e9m passar\u00e1 pelos bairros da cidade e da zona rural.<\/div>\n","protected":false},"excerpt":{"rendered":"<p>A Prefeitura de&nbsp; Caruaru, atrav\u00e9s da Funda\u00e7\u00e3o de Cultura e Turismo, fez uma vasta programa\u00e7\u00e3o para a crian\u00e7ada da Capital&hellip;<\/p>\n","protected":false},"author":1,"featured_media":0,"comment_status":"open","ping_status":"open","sticky":false,"template":"","format":"standard","meta":{"footnotes":""},"categories":[1],"tags":[2,6,976,977],"class_list":["post-1042","post","type-post","status-publish","format-standard","hentry","category-sem-categoria","tag-blog-do-edvaldo-magalhaes","tag-noticias","tag-prefeitura-de-caruaru-traz-a-semana-da-crianca-com-danca","tag-teatro-e-cinema"],"_links":{"self":[{"href":"https:\/\/blogdoedvaldomagalhaes.com.br\/index.php\/wp-json\/wp\/v2\/posts\/1042","targetHints":{"allow":["GET"]}}],"collection":[{"href":"https:\/\/blogdoedvaldomagalhaes.com.br\/index.php\/wp-json\/wp\/v2\/posts"}],"about":[{"href":"https:\/\/blogdoedvaldomagalhaes.com.br\/index.php\/wp-json\/wp\/v2\/types\/post"}],"author":[{"embeddable":true,"href":"https:\/\/blogdoedvaldomagalhaes.com.br\/index.php\/wp-json\/wp\/v2\/users\/1"}],"replies":[{"embeddable":true,"href":"https:\/\/blogdoedvaldomagalhaes.com.br\/index.php\/wp-json\/wp\/v2\/comments?post=1042"}],"version-history":[{"count":1,"href":"https:\/\/blogdoedvaldomagalhaes.com.br\/index.php\/wp-json\/wp\/v2\/posts\/1042\/revisions"}],"predecessor-version":[{"id":34816,"href":"https:\/\/blogdoedvaldomagalhaes.com.br\/index.php\/wp-json\/wp\/v2\/posts\/1042\/revisions\/34816"}],"wp:attachment":[{"href":"https:\/\/blogdoedvaldomagalhaes.com.br\/index.php\/wp-json\/wp\/v2\/media?parent=1042"}],"wp:term":[{"taxonomy":"category","embeddable":true,"href":"https:\/\/blogdoedvaldomagalhaes.com.br\/index.php\/wp-json\/wp\/v2\/categories?post=1042"},{"taxonomy":"post_tag","embeddable":true,"href":"https:\/\/blogdoedvaldomagalhaes.com.br\/index.php\/wp-json\/wp\/v2\/tags?post=1042"}],"curies":[{"name":"wp","href":"https:\/\/api.w.org\/{rel}","templated":true}]}}