{"id":104196,"date":"2023-12-30T07:46:03","date_gmt":"2023-12-30T10:46:03","guid":{"rendered":"https:\/\/blogdoedvaldomagalhaes.com.br\/?p=104196"},"modified":"2023-12-30T07:46:04","modified_gmt":"2023-12-30T10:46:04","slug":"confira-os-servicos-essenciais-que-funcionarao-no-feriado-do-dia-1o-de-janeiro-em-caruaru","status":"publish","type":"post","link":"https:\/\/blogdoedvaldomagalhaes.com.br\/index.php\/2023\/12\/30\/confira-os-servicos-essenciais-que-funcionarao-no-feriado-do-dia-1o-de-janeiro-em-caruaru\/","title":{"rendered":"Confira os servi\u00e7os essenciais que funcionar\u00e3o no feriado do dia 1\u00ba de janeiro em Caruaru"},"content":{"rendered":"<p><span style=\"font-size: revert;\">A Secretaria de Administra\u00e7\u00e3o de Caruaru (SAD), informa que na segunda-feira, 1\u00ba de janeiro, n\u00e3o haver\u00e1 expediente nas reparti\u00e7\u00f5es p\u00fablicas, pois, neste dia, \u00e9 feriado nacional.<\/span><\/p>\n<p>Confira abaixo as atividades das pastas em atua\u00e7\u00e3o e hor\u00e1rios de alguns espa\u00e7os p\u00fablicos:<\/p>\n<p>Sa\u00fade: UPAS, SAMU, Maternidade Municipal de Caruaru Santa Dulce dos Pobres e Hospital Manoel Afonso funcionam normalmente.<\/p>\n<p>Secretaria de Servi\u00e7os P\u00fablicos e Sustentabilidade: Parques municipais funcionam normalmente, das 6h \u00e0s 19h.<\/p>\n<p>Secretaria de Pol\u00edticas para Mulheres: O Centro de Refer\u00eancia da Mulher Maria Neuma Silva Lira (CRM) funcionar\u00e1 em sistema de plant\u00e3o por meio do n\u00famero: 9 8384-4310.<\/p>\n<p>Secretaria de Desenvolvimento Social e Direitos Humanos: Plant\u00e3o do aux\u00edlio funeral pelos telefones: (81) 9.8384-2410 e (81) 9.8384-3756. Tamb\u00e9m funciona normalmente o atendimento \u00e0 popula\u00e7\u00e3o em situa\u00e7\u00e3o de rua no Acolhimento Adulto, que fica na rua Alferes Jorge, no bairro Indian\u00f3polis.<\/p>\n<p>Monte do Bom Jesus: Funcionamento do Centro de Atendimento ao Turista, das 8h \u00e0s 20h.<\/p>\n<p>Via Parque: \u00a0Funcionamento das 6h \u00e0s 22h.<\/p>\n<p>Ceaca: \u00a0Fechada .<\/p>\n<p>Foto: Prefeitura de Caruaru<\/p>\n<p>Seja seguidor do Instagram do Blog @blogdoedvaldomagalhaes<\/p>\n","protected":false},"excerpt":{"rendered":"<p>A Secretaria de Administra\u00e7\u00e3o de Caruaru (SAD), informa que na segunda-feira, 1\u00ba de janeiro, n\u00e3o haver\u00e1 expediente nas reparti\u00e7\u00f5es p\u00fablicas,&hellip;<\/p>\n","protected":false},"author":1,"featured_media":104197,"comment_status":"closed","ping_status":"closed","sticky":false,"template":"","format":"standard","meta":{"footnotes":""},"categories":[14120],"tags":[29440,2,28801,3406,29458],"class_list":["post-104196","post","type-post","status-publish","format-standard","has-post-thumbnail","hentry","category-noticias","tag-blog-com-mais-visualizacao","tag-blog-do-edvaldo-magalhaes","tag-blog-mais-acessado","tag-caruaru","tag-confira-os-servicos-essenciais-que-funcionarao-no-feriado-do-dia-1o-de-janeiro-em-caruaru"],"_links":{"self":[{"href":"https:\/\/blogdoedvaldomagalhaes.com.br\/index.php\/wp-json\/wp\/v2\/posts\/104196","targetHints":{"allow":["GET"]}}],"collection":[{"href":"https:\/\/blogdoedvaldomagalhaes.com.br\/index.php\/wp-json\/wp\/v2\/posts"}],"about":[{"href":"https:\/\/blogdoedvaldomagalhaes.com.br\/index.php\/wp-json\/wp\/v2\/types\/post"}],"author":[{"embeddable":true,"href":"https:\/\/blogdoedvaldomagalhaes.com.br\/index.php\/wp-json\/wp\/v2\/users\/1"}],"replies":[{"embeddable":true,"href":"https:\/\/blogdoedvaldomagalhaes.com.br\/index.php\/wp-json\/wp\/v2\/comments?post=104196"}],"version-history":[{"count":1,"href":"https:\/\/blogdoedvaldomagalhaes.com.br\/index.php\/wp-json\/wp\/v2\/posts\/104196\/revisions"}],"predecessor-version":[{"id":104198,"href":"https:\/\/blogdoedvaldomagalhaes.com.br\/index.php\/wp-json\/wp\/v2\/posts\/104196\/revisions\/104198"}],"wp:featuredmedia":[{"embeddable":true,"href":"https:\/\/blogdoedvaldomagalhaes.com.br\/index.php\/wp-json\/wp\/v2\/media\/104197"}],"wp:attachment":[{"href":"https:\/\/blogdoedvaldomagalhaes.com.br\/index.php\/wp-json\/wp\/v2\/media?parent=104196"}],"wp:term":[{"taxonomy":"category","embeddable":true,"href":"https:\/\/blogdoedvaldomagalhaes.com.br\/index.php\/wp-json\/wp\/v2\/categories?post=104196"},{"taxonomy":"post_tag","embeddable":true,"href":"https:\/\/blogdoedvaldomagalhaes.com.br\/index.php\/wp-json\/wp\/v2\/tags?post=104196"}],"curies":[{"name":"wp","href":"https:\/\/api.w.org\/{rel}","templated":true}]}}