{"id":104193,"date":"2023-12-29T21:13:55","date_gmt":"2023-12-30T00:13:55","guid":{"rendered":"https:\/\/blogdoedvaldomagalhaes.com.br\/?p=104193"},"modified":"2023-12-29T21:36:17","modified_gmt":"2023-12-30T00:36:17","slug":"morre-dr-darley-ferreira-fundador-e-primeiro-presidente-da-oab-caruaru","status":"publish","type":"post","link":"https:\/\/blogdoedvaldomagalhaes.com.br\/index.php\/2023\/12\/29\/morre-dr-darley-ferreira-fundador-e-primeiro-presidente-da-oab-caruaru\/","title":{"rendered":"Morre Dr. Darley Ferreira fundador e primeiro presidente da OAB Caruaru"},"content":{"rendered":"<p><span style=\"font-size: revert;\">NOTA DE PESAR<\/span><\/p>\n<p>\u00c9 com imenso pesar que a OAB Caruaru anuncia o falecimento do seu fundador e primeiro presidente, Dr. Darley de Lima Ferreira, ocorrido na manh\u00e3 desta sexta-feira (29), em Recife, aos 95 anos.<\/p>\n<p>O advogado, professor e escritor Darley de Lima Ferreira fundou a OAB Caruaru em 1960, a primeira Subse\u00e7\u00e3o do Norte e Nordeste, a qual presidiu at\u00e9 1966.<\/p>\n<p>Foi professor do curso de direito da Asces por mais de duas d\u00e9cadas e atualmente fazia parte da diretoria.<\/p>\n<p>Escritor com diversas obras publicadas, lan\u00e7ou na sede da OAB Caruaru, em outubro de 2021, o livro \u201cHist\u00f3ria da Subse\u00e7\u00e3o de Caruaru da OAB-PE\u201d com a presen\u00e7a de diversas autoridades.<\/p>\n<p>Ainda em 2021 visitou, ao lado do atual presidente Fernando J\u00fanior, as obras da constru\u00e7\u00e3o da nova sede da subse\u00e7\u00e3o que foi entregue no mesmo ano.<\/p>\n<p>Em janeiro de 2023, Dr. Darley esteve na sede da OAB Caruaru para conhecer a galeria de ex-presidentes que foi inaugurada em 2022 e que leva o seu nome.<\/p>\n<p>Em abril de 2023 o mesmo realizou sua \u00faltima visita na sede da OAB Caruaru.<br \/>\nDr. Darley deixar\u00e1 saudades e sempre ser\u00e1 lembrado pelo seu legado para a advocacia e toda a sociedade.<\/p>\n<p>A OAB Caruaru, por meio do presidente Fernando J\u00fanior, decreta luto oficial de 08 dias e presta condol\u00eancias a todos os familiares e amigos pela inestim\u00e1vel perda.<\/p>\n<p>VEL\u00d3RIO<br \/>\nO vel\u00f3rio ser\u00e1 realizado no cemit\u00e9rio Morada da Paz, capela n\u00ba 2, em Paulista, pela manh\u00e3 deste s\u00e1bado (30), em seguida ser\u00e1 realizado o sepultamento \u00e0s 14h.<\/p>\n","protected":false},"excerpt":{"rendered":"<p>NOTA DE PESAR \u00c9 com imenso pesar que a OAB Caruaru anuncia o falecimento do seu fundador e primeiro presidente,&hellip;<\/p>\n","protected":false},"author":1,"featured_media":104194,"comment_status":"closed","ping_status":"open","sticky":false,"template":"","format":"standard","meta":{"footnotes":""},"categories":[14120],"tags":[29440,2,28801,3406],"class_list":["post-104193","post","type-post","status-publish","format-standard","has-post-thumbnail","hentry","category-noticias","tag-blog-com-mais-visualizacao","tag-blog-do-edvaldo-magalhaes","tag-blog-mais-acessado","tag-caruaru"],"_links":{"self":[{"href":"https:\/\/blogdoedvaldomagalhaes.com.br\/index.php\/wp-json\/wp\/v2\/posts\/104193","targetHints":{"allow":["GET"]}}],"collection":[{"href":"https:\/\/blogdoedvaldomagalhaes.com.br\/index.php\/wp-json\/wp\/v2\/posts"}],"about":[{"href":"https:\/\/blogdoedvaldomagalhaes.com.br\/index.php\/wp-json\/wp\/v2\/types\/post"}],"author":[{"embeddable":true,"href":"https:\/\/blogdoedvaldomagalhaes.com.br\/index.php\/wp-json\/wp\/v2\/users\/1"}],"replies":[{"embeddable":true,"href":"https:\/\/blogdoedvaldomagalhaes.com.br\/index.php\/wp-json\/wp\/v2\/comments?post=104193"}],"version-history":[{"count":1,"href":"https:\/\/blogdoedvaldomagalhaes.com.br\/index.php\/wp-json\/wp\/v2\/posts\/104193\/revisions"}],"predecessor-version":[{"id":104195,"href":"https:\/\/blogdoedvaldomagalhaes.com.br\/index.php\/wp-json\/wp\/v2\/posts\/104193\/revisions\/104195"}],"wp:featuredmedia":[{"embeddable":true,"href":"https:\/\/blogdoedvaldomagalhaes.com.br\/index.php\/wp-json\/wp\/v2\/media\/104194"}],"wp:attachment":[{"href":"https:\/\/blogdoedvaldomagalhaes.com.br\/index.php\/wp-json\/wp\/v2\/media?parent=104193"}],"wp:term":[{"taxonomy":"category","embeddable":true,"href":"https:\/\/blogdoedvaldomagalhaes.com.br\/index.php\/wp-json\/wp\/v2\/categories?post=104193"},{"taxonomy":"post_tag","embeddable":true,"href":"https:\/\/blogdoedvaldomagalhaes.com.br\/index.php\/wp-json\/wp\/v2\/tags?post=104193"}],"curies":[{"name":"wp","href":"https:\/\/api.w.org\/{rel}","templated":true}]}}