{"id":1040,"date":"2018-10-09T15:16:00","date_gmt":"2018-10-09T18:16:00","guid":{"rendered":"http:\/\/blogdoedvaldomagalhaes.com.br\/index.php\/2018\/10\/09\/assembleia-legislativa-de-pe-te\/"},"modified":"2019-02-09T02:34:35","modified_gmt":"2019-02-09T04:34:35","slug":"assembleia-legislativa-de-pe-te","status":"publish","type":"post","link":"https:\/\/blogdoedvaldomagalhaes.com.br\/index.php\/2018\/10\/09\/assembleia-legislativa-de-pe-te\/","title":{"rendered":"Assembleia Legislativa de PE tem renova\u00e7\u00e3o de quase 50%"},"content":{"rendered":"<div class=\"separator\" style=\"clear: both; text-align: center;\">\n<a href=\"https:\/\/2.bp.blogspot.com\/-679JNNN1FM0\/W7zFwPSeitI\/AAAAAAAA7hg\/_zSM_JBlbcENNkiSc8QGPLOvliT-mrudACLcBGAs\/s1600\/zap.jpg\" imageanchor=\"1\" style=\"margin-left: 1em; margin-right: 1em;\"><img loading=\"lazy\" decoding=\"async\" border=\"0\" data-original-height=\"522\" data-original-width=\"930\" height=\"358\" src=\"http:\/\/blogdoedvaldomagalhaes.com.br\/wp-content\/uploads\/2018\/10\/zap-1.jpg\" width=\"640\" \/><\/a><\/div>\n<div class=\"separator\" style=\"clear: both; text-align: center;\">\nFoto:&nbsp;<em style=\"background-color: white; box-sizing: border-box;\">Rafael Furtado\/Folha de Pernambuco<\/em><\/div>\n<p>\n<b>Da R\u00e1dio Liberdade<\/b><\/p>\n<div style=\"background-color: white; box-sizing: border-box; line-height: 24px; margin-bottom: 10px; text-align: justify;\">\nA onda de renova\u00e7\u00e3o provocada pela ressaca eleitoral que est\u00e1 varrendo a pol\u00edtica brasileira atingiu em cheio a&nbsp;<strong style=\"box-sizing: border-box;\">Assembleia Legislativa de Pernambuco (Alepe).<\/strong>&nbsp;Dos 46 parlamentares que concorreram \u00e0 reelei\u00e7\u00e3o para um dos 49 assentos na&nbsp;<strong style=\"box-sizing: border-box;\">Alepe<\/strong>, 18 n\u00e3o foram eleitos. Outros tr\u00eas deputados \u2013 Andr\u00e9 Ferreira (PSC), Bispo Osssesio Silva (PRB) e S\u00edlvio Costa Filho (PRB) \u2013 tamb\u00e9m deixar\u00e3o a Casa de Jos\u00e9 Mariano para, a partir de 1\u00ba de janeiro, ocupar vagas na C\u00e2mara dos Deputados, em Bras\u00edlia. Al\u00e9m desses, outros tr\u00eas deputados n\u00e3o concorreram \u00e0 reelei\u00e7\u00e3o: Pedro Serafim (PSDC), por motivos de sa\u00fade; Nilton Mota (PSB), que coordenou a vitoriosa campanha do governador Paulo C\u00e2mara; e J\u00falio Cavalcanti (PTB). Somadas, essas sa\u00eddas representam um \u00edndice de renova\u00e7\u00e3o de 49%.<\/div>\n<div style=\"background-color: white; box-sizing: border-box; line-height: 24px; margin-bottom: 10px; text-align: justify;\">\nNa&nbsp;<strong style=\"box-sizing: border-box;\">nova legislatura<\/strong>, a Frente Popular (MDB, PSB, PSD) ter\u00e1 a maior bancada, com 15 deputados, dentre os quais a delegada Gleide \u00c2ngelo (PSB), que foi eleita com a maior vota\u00e7\u00e3o deste pleito: mais de 412 mil votos. A segunda maior bancada, com 13 integrantes, \u00e9 da coliga\u00e7\u00e3o \u201cPernambuco em 1\u00ba Lugar\u201d (PMN, PP, PR, SD), cujo campe\u00e3o de votos foi o pastor Cleiton Collins (PP), que obteve 106.394. A coliga\u00e7\u00e3o \u201cJuntos por um Pernambuco Melhor\u201d (DC, PMB, PSC), por sua vez, elegeu cinco representantes e \u00e9 a terceira maior bancada da Alepe. Juntas, as duas bancadas somam 28 parlamentares, t\u00eam maioria dos votos na casa e podem constituir uma importante base de apoio paralmentar para o Pal\u00e1cio das Princesas, garantindo-lhe maioria nas vota\u00e7\u00f5es.<\/div>\n<div style=\"background-color: white; box-sizing: border-box; line-height: 24px; margin-bottom: 10px; text-align: justify;\">\nA maior bancada de oposi\u00e7\u00e3o \u00e9 a da coliga\u00e7\u00e3o \u201cPernambuco Vai Mudar\u201d (DEM, PODE, PSDB, PTB), que contar\u00e1 com sete representantes. As coliga\u00e7\u00f5es \u201cAvan\u00e7a Pernambuco\u201d (PHS, PRTB, PSL, PV) e \u201cO Pernambuco que Voc\u00ea Quer\u201d (AVANTE, PDT, PROS) conquistaram, cada uma, 2 vagas na assembleia estadual. A coliga\u00e7\u00e3o \u201cA Esperan\u00e7a N\u00e3o Tem Medo (PCB, PSOL), elegeu a chapa feminista Juntas, para um mandato coletivo formado por cinco mulheres. N\u00e3o se coligaram PT, com tr\u00eas vagas, e PCdoB, com uma vaga, esta \u00faltima, ocupada pelo ex-prefeito Jo\u00e3o Paulo. A bancada feminina, cresceu 50% e passou de 6 para 9 parlamentares.<\/div>\n<div class=\"separator\" style=\"clear: both; text-align: center;\">\n<a href=\"http:\/\/blogdoedvaldomagalhaes.com.br\/wp-content\/uploads\/2018\/10\/fonte-150x1024.jpg\" imageanchor=\"1\" style=\"margin-left: 1em; margin-right: 1em;\"><img decoding=\"async\" border=\"0\" data-original-height=\"1600\" data-original-width=\"236\" src=\"http:\/\/blogdoedvaldomagalhaes.com.br\/wp-content\/uploads\/2018\/10\/fonte-150x1024.jpg\" \/><\/a><\/div>\n<div style=\"background-color: white; box-sizing: border-box; line-height: 24px; margin-bottom: 10px; text-align: justify;\">\n<\/div>\n","protected":false},"excerpt":{"rendered":"<p>Foto:&nbsp;Rafael Furtado\/Folha de Pernambuco Da R\u00e1dio Liberdade A onda de renova\u00e7\u00e3o provocada pela ressaca eleitoral que est\u00e1 varrendo a pol\u00edtica&hellip;<\/p>\n","protected":false},"author":1,"featured_media":0,"comment_status":"open","ping_status":"open","sticky":false,"template":"","format":"standard","meta":{"footnotes":""},"categories":[1],"tags":[974,2,20],"class_list":["post-1040","post","type-post","status-publish","format-standard","hentry","category-sem-categoria","tag-assembleia-legislativa-de-pe-tem-renovacao-de-quase-50","tag-blog-do-edvaldo-magalhaes","tag-politica"],"_links":{"self":[{"href":"https:\/\/blogdoedvaldomagalhaes.com.br\/index.php\/wp-json\/wp\/v2\/posts\/1040","targetHints":{"allow":["GET"]}}],"collection":[{"href":"https:\/\/blogdoedvaldomagalhaes.com.br\/index.php\/wp-json\/wp\/v2\/posts"}],"about":[{"href":"https:\/\/blogdoedvaldomagalhaes.com.br\/index.php\/wp-json\/wp\/v2\/types\/post"}],"author":[{"embeddable":true,"href":"https:\/\/blogdoedvaldomagalhaes.com.br\/index.php\/wp-json\/wp\/v2\/users\/1"}],"replies":[{"embeddable":true,"href":"https:\/\/blogdoedvaldomagalhaes.com.br\/index.php\/wp-json\/wp\/v2\/comments?post=1040"}],"version-history":[{"count":1,"href":"https:\/\/blogdoedvaldomagalhaes.com.br\/index.php\/wp-json\/wp\/v2\/posts\/1040\/revisions"}],"predecessor-version":[{"id":34821,"href":"https:\/\/blogdoedvaldomagalhaes.com.br\/index.php\/wp-json\/wp\/v2\/posts\/1040\/revisions\/34821"}],"wp:attachment":[{"href":"https:\/\/blogdoedvaldomagalhaes.com.br\/index.php\/wp-json\/wp\/v2\/media?parent=1040"}],"wp:term":[{"taxonomy":"category","embeddable":true,"href":"https:\/\/blogdoedvaldomagalhaes.com.br\/index.php\/wp-json\/wp\/v2\/categories?post=1040"},{"taxonomy":"post_tag","embeddable":true,"href":"https:\/\/blogdoedvaldomagalhaes.com.br\/index.php\/wp-json\/wp\/v2\/tags?post=1040"}],"curies":[{"name":"wp","href":"https:\/\/api.w.org\/{rel}","templated":true}]}}