{"id":103953,"date":"2023-12-22T13:06:21","date_gmt":"2023-12-22T16:06:21","guid":{"rendered":"https:\/\/blogdoedvaldomagalhaes.com.br\/?p=103953"},"modified":"2023-12-22T13:10:05","modified_gmt":"2023-12-22T16:10:05","slug":"ceaca-nao-funcionara-no-natal-e-1o-de-janeiro","status":"publish","type":"post","link":"https:\/\/blogdoedvaldomagalhaes.com.br\/index.php\/2023\/12\/22\/ceaca-nao-funcionara-no-natal-e-1o-de-janeiro\/","title":{"rendered":"Ceaca n\u00e3o funcionar\u00e1 no Natal e 1\u00ba de janeiro"},"content":{"rendered":"<p><span style=\"font-size: revert\">A Central de Abastecimento de Caruaru (Ceaca) n\u00e3o funcionar\u00e1 nos dias 25 de dezembro de 2023 e 1\u00ba de janeiro de 2024. As datas, Natal e Confraterniza\u00e7\u00e3o Universal (respectivamente), ser\u00e3o de descanso para os comerciantes. Nos demais dias, o hor\u00e1rio de funcionamento do mercado permanece o mesmo: das 3h \u00e0s 12h.<\/span><\/p>\n<p>O administrativo da Ceaca tamb\u00e9m ter\u00e1 hor\u00e1rio especial. Nesta sexta-feira (22), o funcionamento ser\u00e1 at\u00e9 o meio-dia. Na pr\u00f3xima semana, o atendimento ser\u00e1 de ter\u00e7a a quinta-feira, das 7h \u00e0s 13h. Na \u00faltima sexta-feira do ano (29), o administrativo estar\u00e1 fechado.<\/p>\n<p>A Ceaca, que comercializa no atacado e no varejo, est\u00e1 localizada na Avenida Jos\u00e9 Pinheiro dos Santos, 2441, bairro Cidade Alta (BR 104\/ KM 71). Outras informa\u00e7\u00f5es: 9 8981-5227. Foto: Reprodu\u00e7\u00e3o.<\/p>\n<p>Seja seguidor do Instagram do Blog @blogdoedvaldomagalhaes<\/p>\n<p><span style=\"font-size: revert\"><img loading=\"lazy\" decoding=\"async\" src=\"https:\/\/blogdoedvaldomagalhaes.com.br\/wp-content\/uploads\/2023\/12\/2ddb4e62-9043-4604-b5b6-fe28272e2d5b.jpg\" class=\"size-full wp-image-103955\" width=\"899\" height=\"1599\" srcset=\"https:\/\/blogdoedvaldomagalhaes.com.br\/wp-content\/uploads\/2023\/12\/2ddb4e62-9043-4604-b5b6-fe28272e2d5b.jpg 899w, https:\/\/blogdoedvaldomagalhaes.com.br\/wp-content\/uploads\/2023\/12\/2ddb4e62-9043-4604-b5b6-fe28272e2d5b-169x300.jpg 169w, https:\/\/blogdoedvaldomagalhaes.com.br\/wp-content\/uploads\/2023\/12\/2ddb4e62-9043-4604-b5b6-fe28272e2d5b-576x1024.jpg 576w, https:\/\/blogdoedvaldomagalhaes.com.br\/wp-content\/uploads\/2023\/12\/2ddb4e62-9043-4604-b5b6-fe28272e2d5b-768x1366.jpg 768w, https:\/\/blogdoedvaldomagalhaes.com.br\/wp-content\/uploads\/2023\/12\/2ddb4e62-9043-4604-b5b6-fe28272e2d5b-864x1536.jpg 864w\" sizes=\"auto, (max-width: 899px) 100vw, 899px\" \/><\/span><\/p>\n","protected":false},"excerpt":{"rendered":"<p>A Central de Abastecimento de Caruaru (Ceaca) n\u00e3o funcionar\u00e1 nos dias 25 de dezembro de 2023 e 1\u00ba de janeiro&hellip;<\/p>\n","protected":false},"author":1,"featured_media":30806,"comment_status":"closed","ping_status":"open","sticky":false,"template":"","format":"standard","meta":{"footnotes":""},"categories":[14120],"tags":[28803,2,28801,3406,29403],"class_list":["post-103953","post","type-post","status-publish","format-standard","has-post-thumbnail","hentry","category-noticias","tag-blog-com-mais-visualizacoes","tag-blog-do-edvaldo-magalhaes","tag-blog-mais-acessado","tag-caruaru","tag-ceaca-nao-funcionara-no-natal-e-1o-de-janeiro"],"_links":{"self":[{"href":"https:\/\/blogdoedvaldomagalhaes.com.br\/index.php\/wp-json\/wp\/v2\/posts\/103953","targetHints":{"allow":["GET"]}}],"collection":[{"href":"https:\/\/blogdoedvaldomagalhaes.com.br\/index.php\/wp-json\/wp\/v2\/posts"}],"about":[{"href":"https:\/\/blogdoedvaldomagalhaes.com.br\/index.php\/wp-json\/wp\/v2\/types\/post"}],"author":[{"embeddable":true,"href":"https:\/\/blogdoedvaldomagalhaes.com.br\/index.php\/wp-json\/wp\/v2\/users\/1"}],"replies":[{"embeddable":true,"href":"https:\/\/blogdoedvaldomagalhaes.com.br\/index.php\/wp-json\/wp\/v2\/comments?post=103953"}],"version-history":[{"count":2,"href":"https:\/\/blogdoedvaldomagalhaes.com.br\/index.php\/wp-json\/wp\/v2\/posts\/103953\/revisions"}],"predecessor-version":[{"id":103956,"href":"https:\/\/blogdoedvaldomagalhaes.com.br\/index.php\/wp-json\/wp\/v2\/posts\/103953\/revisions\/103956"}],"wp:featuredmedia":[{"embeddable":true,"href":"https:\/\/blogdoedvaldomagalhaes.com.br\/index.php\/wp-json\/wp\/v2\/media\/30806"}],"wp:attachment":[{"href":"https:\/\/blogdoedvaldomagalhaes.com.br\/index.php\/wp-json\/wp\/v2\/media?parent=103953"}],"wp:term":[{"taxonomy":"category","embeddable":true,"href":"https:\/\/blogdoedvaldomagalhaes.com.br\/index.php\/wp-json\/wp\/v2\/categories?post=103953"},{"taxonomy":"post_tag","embeddable":true,"href":"https:\/\/blogdoedvaldomagalhaes.com.br\/index.php\/wp-json\/wp\/v2\/tags?post=103953"}],"curies":[{"name":"wp","href":"https:\/\/api.w.org\/{rel}","templated":true}]}}