{"id":103950,"date":"2023-12-22T13:00:15","date_gmt":"2023-12-22T16:00:15","guid":{"rendered":"https:\/\/blogdoedvaldomagalhaes.com.br\/?p=103950"},"modified":"2023-12-22T13:00:16","modified_gmt":"2023-12-22T16:00:16","slug":"xand-aviao-e-leo-magalhaes-entre-nove-atracoes-de-santos-reis-em-cupira","status":"publish","type":"post","link":"https:\/\/blogdoedvaldomagalhaes.com.br\/index.php\/2023\/12\/22\/xand-aviao-e-leo-magalhaes-entre-nove-atracoes-de-santos-reis-em-cupira\/","title":{"rendered":"Xand Avi\u00e3o e L\u00e9o Magalh\u00e3es entre nove atra\u00e7\u00f5es de Santos Reis, em Cupira"},"content":{"rendered":"<p><span style=\"font-size: revert;\">O munic\u00edpio de Cupira divulga a programa\u00e7\u00e3o das festividades de Santos Reis 2024, uma das principais e tradicionais festas do calend\u00e1rio local. Em mais uma edi\u00e7\u00e3o, o evento ser\u00e1 realizado em tr\u00eas dias consecutivos, de 04 a 06 de janeiro, no Largo da Rodovi\u00e1ria, no Centro.<\/span><\/p>\n<p>PROGRAMA\u00c7\u00c3O 2024:<\/p>\n<p>DIA 04: Xand Avi\u00e3o, Mel com Terra e Vumbora;<br \/>\nDIA 05: L\u00e9o Magalh\u00e3es, Cavalheiros do Forr\u00f3 e Mastruz com Leite;<br \/>\nDIA 06: Conde s\u00f3 Brega, Taynara Andreza e Lipe Lucena.<\/p>\n<p>Ainda no dia 06, a Igreja S\u00e3o Jo\u00e3o Batista realizar\u00e1 a tradicional alvorada festiva \u00e0s 7h e a prociss\u00e3o de Santos Reis, \u00e0s 16h, percorrendo as principais ruas do munic\u00edpio, reunindo milhares de fi\u00e9is e, em seguida, B\u00ean\u00e7\u00e3o do Sant\u00edssimo Sacramento, na pr\u00f3pria Matriz, no centro da cidade. Como celebrantes, Pe. Frederico Gurgel C\u00e2mara, Pe. Jos\u00e9 Luiz e Pe. Fabr\u00edcio.<\/p>\n<p>Este ano, o evento contar\u00e1 com uma megaestrutura, refor\u00e7o de agentes da PM, guardas municipais, seguran\u00e7as particulares, ambul\u00e2ncias e bombeiros militares. No local, como medida de seguran\u00e7a, o p\u00fablico em geral passar\u00e1 por revistas antes de adentrar na \u00e1rea dos shows. Ainda no rol de proibi\u00e7\u00f5es, pessoas portando bebidas alco\u00f3licas em garrafas de vidro n\u00e3o poder\u00e3o ter acesso ao evento, bem como aqueles que portem materiais perfurocortantes.<\/p>\n<p>A festa de Santos Reis \u00e9 uma antiga celebra\u00e7\u00e3o popular e religiosa. No dia 6 de janeiro \u00e9 a data dedicada no calend\u00e1rio brasileiro aos Reis Magos, que visitaram Jesus no pres\u00e9pio ap\u00f3s serem conduzidos pela estrela. Em Cupira, o evento \u00e9 uma realiza\u00e7\u00e3o da Prefeitura atrav\u00e9s da Secretaria de Cultura, Turismo e desporto Amador. Foto: Divulga\u00e7\u00e3o<\/p>\n<p>Seja seguidor do Instagram do Blog para comentar @blogdoedvaldomagalhaes<\/p>\n","protected":false},"excerpt":{"rendered":"<p>O munic\u00edpio de Cupira divulga a programa\u00e7\u00e3o das festividades de Santos Reis 2024, uma das principais e tradicionais festas do&hellip;<\/p>\n","protected":false},"author":1,"featured_media":103951,"comment_status":"closed","ping_status":"open","sticky":false,"template":"","format":"standard","meta":{"footnotes":""},"categories":[14120],"tags":[28803,2,28801,3406],"class_list":["post-103950","post","type-post","status-publish","format-standard","has-post-thumbnail","hentry","category-noticias","tag-blog-com-mais-visualizacoes","tag-blog-do-edvaldo-magalhaes","tag-blog-mais-acessado","tag-caruaru"],"_links":{"self":[{"href":"https:\/\/blogdoedvaldomagalhaes.com.br\/index.php\/wp-json\/wp\/v2\/posts\/103950","targetHints":{"allow":["GET"]}}],"collection":[{"href":"https:\/\/blogdoedvaldomagalhaes.com.br\/index.php\/wp-json\/wp\/v2\/posts"}],"about":[{"href":"https:\/\/blogdoedvaldomagalhaes.com.br\/index.php\/wp-json\/wp\/v2\/types\/post"}],"author":[{"embeddable":true,"href":"https:\/\/blogdoedvaldomagalhaes.com.br\/index.php\/wp-json\/wp\/v2\/users\/1"}],"replies":[{"embeddable":true,"href":"https:\/\/blogdoedvaldomagalhaes.com.br\/index.php\/wp-json\/wp\/v2\/comments?post=103950"}],"version-history":[{"count":1,"href":"https:\/\/blogdoedvaldomagalhaes.com.br\/index.php\/wp-json\/wp\/v2\/posts\/103950\/revisions"}],"predecessor-version":[{"id":103952,"href":"https:\/\/blogdoedvaldomagalhaes.com.br\/index.php\/wp-json\/wp\/v2\/posts\/103950\/revisions\/103952"}],"wp:featuredmedia":[{"embeddable":true,"href":"https:\/\/blogdoedvaldomagalhaes.com.br\/index.php\/wp-json\/wp\/v2\/media\/103951"}],"wp:attachment":[{"href":"https:\/\/blogdoedvaldomagalhaes.com.br\/index.php\/wp-json\/wp\/v2\/media?parent=103950"}],"wp:term":[{"taxonomy":"category","embeddable":true,"href":"https:\/\/blogdoedvaldomagalhaes.com.br\/index.php\/wp-json\/wp\/v2\/categories?post=103950"},{"taxonomy":"post_tag","embeddable":true,"href":"https:\/\/blogdoedvaldomagalhaes.com.br\/index.php\/wp-json\/wp\/v2\/tags?post=103950"}],"curies":[{"name":"wp","href":"https:\/\/api.w.org\/{rel}","templated":true}]}}