{"id":103944,"date":"2023-12-21T15:30:58","date_gmt":"2023-12-21T18:30:58","guid":{"rendered":"https:\/\/blogdoedvaldomagalhaes.com.br\/?p=103944"},"modified":"2023-12-21T15:30:59","modified_gmt":"2023-12-21T18:30:59","slug":"cabo-da-pmpe-morre-apos-tiro-acidental-disparado-pela-propria-arma","status":"publish","type":"post","link":"https:\/\/blogdoedvaldomagalhaes.com.br\/index.php\/2023\/12\/21\/cabo-da-pmpe-morre-apos-tiro-acidental-disparado-pela-propria-arma\/","title":{"rendered":"Cabo da PMPE morre ap\u00f3s tiro acidental disparado pela pr\u00f3pria arma"},"content":{"rendered":"<p>Chegou ao conhecimento da Central PC 04 por volta das 22h30, dessa quarta-feira (21.12), que o Cabo PMPE CRISTIANO FEITOZA DE CARVALHO, deu entrada na UPA do Bairro Rendeiras, em Caruaru, com um disparo de arma de fogo na femoral, vindo a \u00f3bito na Unidade Hospitalar.<\/p>\n<p>Segundo a esposa do militar, o casal teve uma discuss\u00e3o e o mesmo sacou ea arma de fogo atirando acidentalmente na pr\u00f3pria perna. A arma foi apreendida e a esposa foi levada a presen\u00e7a da autoridade policial para mais esclarecimentos. Efetivo a frente da ocorr\u00eancia GB 4100 ( Opera\u00e7\u00e3o PAZ) , sendo acompanhada pelo Oficial e Graduado de Opera\u00e7\u00f5es do 4\u2022 BPM. Foto: Reprodu\u00e7\u00e3o \/Redes Sociais.<\/p>\n<p>Seja seguidor do Instagram do Blog @blogdoedvaldomagalhaes<\/p>\n","protected":false},"excerpt":{"rendered":"<p>Chegou ao conhecimento da Central PC 04 por volta das 22h30, dessa quarta-feira (21.12), que o Cabo PMPE CRISTIANO FEITOZA&hellip;<\/p>\n","protected":false},"author":1,"featured_media":103945,"comment_status":"closed","ping_status":"open","sticky":false,"template":"","format":"standard","meta":{"footnotes":""},"categories":[14120],"tags":[28803,2,28801,29401,3406],"class_list":["post-103944","post","type-post","status-publish","format-standard","has-post-thumbnail","hentry","category-noticias","tag-blog-com-mais-visualizacoes","tag-blog-do-edvaldo-magalhaes","tag-blog-mais-acessado","tag-cabo-da-pmpe-morre-apos-tiro-acidental-disparado-pela-propria-arma","tag-caruaru"],"_links":{"self":[{"href":"https:\/\/blogdoedvaldomagalhaes.com.br\/index.php\/wp-json\/wp\/v2\/posts\/103944","targetHints":{"allow":["GET"]}}],"collection":[{"href":"https:\/\/blogdoedvaldomagalhaes.com.br\/index.php\/wp-json\/wp\/v2\/posts"}],"about":[{"href":"https:\/\/blogdoedvaldomagalhaes.com.br\/index.php\/wp-json\/wp\/v2\/types\/post"}],"author":[{"embeddable":true,"href":"https:\/\/blogdoedvaldomagalhaes.com.br\/index.php\/wp-json\/wp\/v2\/users\/1"}],"replies":[{"embeddable":true,"href":"https:\/\/blogdoedvaldomagalhaes.com.br\/index.php\/wp-json\/wp\/v2\/comments?post=103944"}],"version-history":[{"count":1,"href":"https:\/\/blogdoedvaldomagalhaes.com.br\/index.php\/wp-json\/wp\/v2\/posts\/103944\/revisions"}],"predecessor-version":[{"id":103946,"href":"https:\/\/blogdoedvaldomagalhaes.com.br\/index.php\/wp-json\/wp\/v2\/posts\/103944\/revisions\/103946"}],"wp:featuredmedia":[{"embeddable":true,"href":"https:\/\/blogdoedvaldomagalhaes.com.br\/index.php\/wp-json\/wp\/v2\/media\/103945"}],"wp:attachment":[{"href":"https:\/\/blogdoedvaldomagalhaes.com.br\/index.php\/wp-json\/wp\/v2\/media?parent=103944"}],"wp:term":[{"taxonomy":"category","embeddable":true,"href":"https:\/\/blogdoedvaldomagalhaes.com.br\/index.php\/wp-json\/wp\/v2\/categories?post=103944"},{"taxonomy":"post_tag","embeddable":true,"href":"https:\/\/blogdoedvaldomagalhaes.com.br\/index.php\/wp-json\/wp\/v2\/tags?post=103944"}],"curies":[{"name":"wp","href":"https:\/\/api.w.org\/{rel}","templated":true}]}}