{"id":103941,"date":"2023-12-21T11:50:56","date_gmt":"2023-12-21T14:50:56","guid":{"rendered":"https:\/\/blogdoedvaldomagalhaes.com.br\/?p=103941"},"modified":"2023-12-21T11:50:57","modified_gmt":"2023-12-21T14:50:57","slug":"comissao-de-legislacao-e-redacao-de-leis-da-camara-de-caruaru-finaliza-2023-com-balanco-positivo","status":"publish","type":"post","link":"https:\/\/blogdoedvaldomagalhaes.com.br\/index.php\/2023\/12\/21\/comissao-de-legislacao-e-redacao-de-leis-da-camara-de-caruaru-finaliza-2023-com-balanco-positivo\/","title":{"rendered":"Comiss\u00e3o de Legisla\u00e7\u00e3o e Reda\u00e7\u00e3o de Leis da C\u00e2mara de Caruaru finaliza 2023 com balan\u00e7o positivo"},"content":{"rendered":"<p><span style=\"font-size: revert;\">O ano de 2023 foi extremamente positivo para a Comiss\u00e3o de Legisla\u00e7\u00e3o e Reda\u00e7\u00e3o de Leis da C\u00e2mara Municipal de Caruaru. \u00a0Com o colegiado formado pelo presidente vereador Ricardo Liberato, e pelos parlamentares Anderson Correia e Aline Nascimento como membros, a CLRL realizou 31 reuni\u00f5es ao longo do ano, com 372 proposi\u00e7\u00f5es analisadas, com 287 pareceres aprovados e 85 rejeitados.<\/span><\/p>\n<p>Entre as mat\u00e9rias analisadas pela Comiss\u00e3o de Legisla\u00e7\u00e3o e Reda\u00e7\u00e3o de Leis, est\u00e3o Projetos de Decreto Legislativo (119); Projetos de Lei (226); Projetos de Lei Complementar (19); Projetos de Resolu\u00e7\u00e3o (6); Of\u00edcio do Cadastro Imobili\u00e1rio (1); Pareceres de Tribunal de Contas &#8211; aprova\u00e7\u00e3o de contas do Poder Executivo (1); totalizando na expedi\u00e7\u00e3o de 372 pareceres.<\/p>\n<p>Comiss\u00e3o mais importante e ativa da C\u00e2mara Municipal de Caruaru, a CLRL tem como principal atribui\u00e7\u00e3o analisar a constitucionalidade de todos os projetos apresentados ao Legislativo pelos parlamentares e demais poderes do Munic\u00edpio. Tal fun\u00e7\u00e3o se faz necess\u00e1ria para que as proposi\u00e7\u00f5es possam chegar ao plen\u00e1rio de forma ilibada para vota\u00e7\u00e3o dos 23 vereadores.<\/p>\n<p>\u201cFinalizamos o ano com um balan\u00e7o muito positivo, com quase 400 pareceres, feito por meio de um trabalho s\u00e9rio e eficaz do nosso colegiado, comigo na presid\u00eancia, juntamente com os membros vereadores Anderson Correia e Aline Nascimento, al\u00e9m do suporte necess\u00e1rio e muito competente da consultoria jur\u00eddica da Casa. Nossa gratid\u00e3o a todos os envolvidos neste trabalho \u00e1rduo e muito importante para a legalidade e constitucionalidade dos projetos do nosso Legislativo municipal. Em 2024 continuaremos firmes e prontos para seguir servindo nesta comiss\u00e3o\u201d, destacou o vereador Ricardo Liberato. Foto: Divulga\u00e7\u00e3o<\/p>\n<p>Seja seguidor do Instagram do Blog \u00a0para comentar @blogdoedvaldomagalhaes<\/p>\n","protected":false},"excerpt":{"rendered":"<p>O ano de 2023 foi extremamente positivo para a Comiss\u00e3o de Legisla\u00e7\u00e3o e Reda\u00e7\u00e3o de Leis da C\u00e2mara Municipal de&hellip;<\/p>\n","protected":false},"author":1,"featured_media":103942,"comment_status":"closed","ping_status":"open","sticky":false,"template":"","format":"standard","meta":{"footnotes":""},"categories":[14122],"tags":[28803,2,28801,3406,29400,20],"class_list":["post-103941","post","type-post","status-publish","format-standard","has-post-thumbnail","hentry","category-politica","tag-blog-com-mais-visualizacoes","tag-blog-do-edvaldo-magalhaes","tag-blog-mais-acessado","tag-caruaru","tag-comissao-de-legislacao-e-redacao-de-leis-da-camara-de-caruaru-finaliza-2023-com-balanco-positivo","tag-politica"],"_links":{"self":[{"href":"https:\/\/blogdoedvaldomagalhaes.com.br\/index.php\/wp-json\/wp\/v2\/posts\/103941","targetHints":{"allow":["GET"]}}],"collection":[{"href":"https:\/\/blogdoedvaldomagalhaes.com.br\/index.php\/wp-json\/wp\/v2\/posts"}],"about":[{"href":"https:\/\/blogdoedvaldomagalhaes.com.br\/index.php\/wp-json\/wp\/v2\/types\/post"}],"author":[{"embeddable":true,"href":"https:\/\/blogdoedvaldomagalhaes.com.br\/index.php\/wp-json\/wp\/v2\/users\/1"}],"replies":[{"embeddable":true,"href":"https:\/\/blogdoedvaldomagalhaes.com.br\/index.php\/wp-json\/wp\/v2\/comments?post=103941"}],"version-history":[{"count":1,"href":"https:\/\/blogdoedvaldomagalhaes.com.br\/index.php\/wp-json\/wp\/v2\/posts\/103941\/revisions"}],"predecessor-version":[{"id":103943,"href":"https:\/\/blogdoedvaldomagalhaes.com.br\/index.php\/wp-json\/wp\/v2\/posts\/103941\/revisions\/103943"}],"wp:featuredmedia":[{"embeddable":true,"href":"https:\/\/blogdoedvaldomagalhaes.com.br\/index.php\/wp-json\/wp\/v2\/media\/103942"}],"wp:attachment":[{"href":"https:\/\/blogdoedvaldomagalhaes.com.br\/index.php\/wp-json\/wp\/v2\/media?parent=103941"}],"wp:term":[{"taxonomy":"category","embeddable":true,"href":"https:\/\/blogdoedvaldomagalhaes.com.br\/index.php\/wp-json\/wp\/v2\/categories?post=103941"},{"taxonomy":"post_tag","embeddable":true,"href":"https:\/\/blogdoedvaldomagalhaes.com.br\/index.php\/wp-json\/wp\/v2\/tags?post=103941"}],"curies":[{"name":"wp","href":"https:\/\/api.w.org\/{rel}","templated":true}]}}