{"id":103935,"date":"2023-12-21T11:30:24","date_gmt":"2023-12-21T14:30:24","guid":{"rendered":"https:\/\/blogdoedvaldomagalhaes.com.br\/?p=103935"},"modified":"2023-12-21T11:39:57","modified_gmt":"2023-12-21T14:39:57","slug":"veiculo-que-usava-luminosos-proibidos-e-abordado-pelo-detran-pe-que-descobriu-restricao-de-roubo-furto","status":"publish","type":"post","link":"https:\/\/blogdoedvaldomagalhaes.com.br\/index.php\/2023\/12\/21\/veiculo-que-usava-luminosos-proibidos-e-abordado-pelo-detran-pe-que-descobriu-restricao-de-roubo-furto\/","title":{"rendered":"Ve\u00edculo que usava luminosos proibidos \u00e9 abordado pelo DETRAN-PE que descobriu restri\u00e7\u00e3o de roubo\/furto"},"content":{"rendered":"<p>Ao realizar um patrulhamento vi\u00e1rio nas proximidades do Parque 18 de Maio, em Caruaru, uma equipe de DETRAN-PE, visualizou um ve\u00edculo com equipamentos luminosos proibidos (intermitentes na cor azul e vermelho), e abordou o ve\u00edculo de placas PDQ1B99. Foi feita a verifica\u00e7\u00e3o dos documentos e do ve\u00edculo, sendo constatado que os sinais de identifica\u00e7\u00e3o veicular apresentavam inconsist\u00eancia, ap\u00f3s verificar o n\u00famero do motor foi constatado que o mesmo possu\u00eda restri\u00e7\u00e3o por roubo ou furto em outro ve\u00edculo de placas PDN9G72, que consta restri\u00e7\u00e3o por roubo e furto no dia 20\/10\/2022 no Recife. A equipe do DETRAN solicitou o apoio do 1\u00b0 Biesp que prestou o apoio para a condu\u00e7\u00e3o do ve\u00edculo e do condutor para delegacia para as medidas cab\u00edveis.<\/p>\n<p>Seja seguidor do Instagram do Blog, para poder comentar @blogdoedvaldomagalhaes<\/p>\n","protected":false},"excerpt":{"rendered":"<p>Ao realizar um patrulhamento vi\u00e1rio nas proximidades do Parque 18 de Maio, em Caruaru, uma equipe de DETRAN-PE, visualizou um&hellip;<\/p>\n","protected":false},"author":1,"featured_media":103936,"comment_status":"closed","ping_status":"open","sticky":false,"template":"","format":"standard","meta":{"footnotes":""},"categories":[14120],"tags":[28803,2,28801,3406,29399],"class_list":["post-103935","post","type-post","status-publish","format-standard","has-post-thumbnail","hentry","category-noticias","tag-blog-com-mais-visualizacoes","tag-blog-do-edvaldo-magalhaes","tag-blog-mais-acessado","tag-caruaru","tag-veiculo-que-usava-luminosos-proibidos-e-abordado-pelo-detran-pe-que-descobriu-restricao-de-roubo-furto"],"_links":{"self":[{"href":"https:\/\/blogdoedvaldomagalhaes.com.br\/index.php\/wp-json\/wp\/v2\/posts\/103935","targetHints":{"allow":["GET"]}}],"collection":[{"href":"https:\/\/blogdoedvaldomagalhaes.com.br\/index.php\/wp-json\/wp\/v2\/posts"}],"about":[{"href":"https:\/\/blogdoedvaldomagalhaes.com.br\/index.php\/wp-json\/wp\/v2\/types\/post"}],"author":[{"embeddable":true,"href":"https:\/\/blogdoedvaldomagalhaes.com.br\/index.php\/wp-json\/wp\/v2\/users\/1"}],"replies":[{"embeddable":true,"href":"https:\/\/blogdoedvaldomagalhaes.com.br\/index.php\/wp-json\/wp\/v2\/comments?post=103935"}],"version-history":[{"count":3,"href":"https:\/\/blogdoedvaldomagalhaes.com.br\/index.php\/wp-json\/wp\/v2\/posts\/103935\/revisions"}],"predecessor-version":[{"id":103940,"href":"https:\/\/blogdoedvaldomagalhaes.com.br\/index.php\/wp-json\/wp\/v2\/posts\/103935\/revisions\/103940"}],"wp:featuredmedia":[{"embeddable":true,"href":"https:\/\/blogdoedvaldomagalhaes.com.br\/index.php\/wp-json\/wp\/v2\/media\/103936"}],"wp:attachment":[{"href":"https:\/\/blogdoedvaldomagalhaes.com.br\/index.php\/wp-json\/wp\/v2\/media?parent=103935"}],"wp:term":[{"taxonomy":"category","embeddable":true,"href":"https:\/\/blogdoedvaldomagalhaes.com.br\/index.php\/wp-json\/wp\/v2\/categories?post=103935"},{"taxonomy":"post_tag","embeddable":true,"href":"https:\/\/blogdoedvaldomagalhaes.com.br\/index.php\/wp-json\/wp\/v2\/tags?post=103935"}],"curies":[{"name":"wp","href":"https:\/\/api.w.org\/{rel}","templated":true}]}}