{"id":103932,"date":"2023-12-21T10:58:51","date_gmt":"2023-12-21T13:58:51","guid":{"rendered":"https:\/\/blogdoedvaldomagalhaes.com.br\/?p=103932"},"modified":"2023-12-21T10:58:52","modified_gmt":"2023-12-21T13:58:52","slug":"caminhao-e-carro-roubados-sao-recuperados-pela-prf-em-gravata-e-caruaru","status":"publish","type":"post","link":"https:\/\/blogdoedvaldomagalhaes.com.br\/index.php\/2023\/12\/21\/caminhao-e-carro-roubados-sao-recuperados-pela-prf-em-gravata-e-caruaru\/","title":{"rendered":"Caminh\u00e3o e carro roubados s\u00e3o recuperados pela PRF, em Gravat\u00e1 e Caruaru"},"content":{"rendered":"<p><span style=\"font-size: revert;\">A Pol\u00edcia Rodovi\u00e1ria Federal (PRF), recuperou nesta quarta-feira (20), um caminh\u00e3o e um carro com registros de roubo, durante fiscaliza\u00e7\u00f5es na BR 232 e BR 104, em Gravat\u00e1 e Caruaru, no Agreste de Pernambuco. Quatro homens foram detidos nas duas abordagens.<\/span><\/p>\n<p>Durante fiscaliza\u00e7\u00f5es da Opera\u00e7\u00e3o Rodovida na BR 232, em Gravat\u00e1, um caminh\u00e3o foi abordado. Ap\u00f3s a verifica\u00e7\u00e3o veicular, a equipe constatou uma restri\u00e7\u00e3o de roubo, registrada no m\u00eas de outubro deste ano, em Pesqueira.<\/p>\n<p>Os ocupantes do caminh\u00e3o alegaram n\u00e3o saber que o ve\u00edculo era roubado e que trabalhavam para uma empresa h\u00e1 menos de um m\u00eas. Eles disseram ainda que estavam indo at\u00e9 Garanhuns para entregar eletrodom\u00e9sticos. Diante das informa\u00e7\u00f5es, o ve\u00edculo e seus ocupantes foram conduzidos \u00e0 Delegacia de Pol\u00edcia Civil de Gravat\u00e1. O propriet\u00e1rio do caminh\u00e3o tamb\u00e9m compareceu na delegacia para prestar esclarecimentos.<\/p>\n<p>J\u00e1 em Caruaru, no decorrer de uma fiscaliza\u00e7\u00e3o na BR 104, foi dada a ordem de parada ao ve\u00edculo Kwid, com dois ocupantes. Durante a identifica\u00e7\u00e3o do autom\u00f3vel, os policiais perceberam ind\u00edcios de adultera\u00e7\u00e3o e confirmaram a ocorr\u00eancia de roubo, registrada em Jaboat\u00e3o dos Guararapes no dia 12 de janeiro do ano passado.<\/p>\n<p>O passageiro, que \u00e9 parente do motorista, informou que teriam adquirido o carro de um amigo por R$38 mil. Diante da situa\u00e7\u00e3o, todos foram encaminhados para a Pol\u00edcia Civil de Caruaru. Foto: Divulga\u00e7\u00e3o\/PRF.<\/p>\n<p>Seja seguidor do Blog para comentar @blogdoedvaldomagalhaes<\/p>\n","protected":false},"excerpt":{"rendered":"<p>A Pol\u00edcia Rodovi\u00e1ria Federal (PRF), recuperou nesta quarta-feira (20), um caminh\u00e3o e um carro com registros de roubo, durante fiscaliza\u00e7\u00f5es&hellip;<\/p>\n","protected":false},"author":1,"featured_media":103933,"comment_status":"closed","ping_status":"open","sticky":false,"template":"","format":"standard","meta":{"footnotes":""},"categories":[14120],"tags":[28803,2,28801,29398,3406],"class_list":["post-103932","post","type-post","status-publish","format-standard","has-post-thumbnail","hentry","category-noticias","tag-blog-com-mais-visualizacoes","tag-blog-do-edvaldo-magalhaes","tag-blog-mais-acessado","tag-caminhao-e-carro-roubados-sao-recuperados-pela-prf-em-gravata-e-caruaru","tag-caruaru"],"_links":{"self":[{"href":"https:\/\/blogdoedvaldomagalhaes.com.br\/index.php\/wp-json\/wp\/v2\/posts\/103932","targetHints":{"allow":["GET"]}}],"collection":[{"href":"https:\/\/blogdoedvaldomagalhaes.com.br\/index.php\/wp-json\/wp\/v2\/posts"}],"about":[{"href":"https:\/\/blogdoedvaldomagalhaes.com.br\/index.php\/wp-json\/wp\/v2\/types\/post"}],"author":[{"embeddable":true,"href":"https:\/\/blogdoedvaldomagalhaes.com.br\/index.php\/wp-json\/wp\/v2\/users\/1"}],"replies":[{"embeddable":true,"href":"https:\/\/blogdoedvaldomagalhaes.com.br\/index.php\/wp-json\/wp\/v2\/comments?post=103932"}],"version-history":[{"count":1,"href":"https:\/\/blogdoedvaldomagalhaes.com.br\/index.php\/wp-json\/wp\/v2\/posts\/103932\/revisions"}],"predecessor-version":[{"id":103934,"href":"https:\/\/blogdoedvaldomagalhaes.com.br\/index.php\/wp-json\/wp\/v2\/posts\/103932\/revisions\/103934"}],"wp:featuredmedia":[{"embeddable":true,"href":"https:\/\/blogdoedvaldomagalhaes.com.br\/index.php\/wp-json\/wp\/v2\/media\/103933"}],"wp:attachment":[{"href":"https:\/\/blogdoedvaldomagalhaes.com.br\/index.php\/wp-json\/wp\/v2\/media?parent=103932"}],"wp:term":[{"taxonomy":"category","embeddable":true,"href":"https:\/\/blogdoedvaldomagalhaes.com.br\/index.php\/wp-json\/wp\/v2\/categories?post=103932"},{"taxonomy":"post_tag","embeddable":true,"href":"https:\/\/blogdoedvaldomagalhaes.com.br\/index.php\/wp-json\/wp\/v2\/tags?post=103932"}],"curies":[{"name":"wp","href":"https:\/\/api.w.org\/{rel}","templated":true}]}}