{"id":103925,"date":"2023-12-21T09:47:28","date_gmt":"2023-12-21T12:47:28","guid":{"rendered":"https:\/\/blogdoedvaldomagalhaes.com.br\/?p=103925"},"modified":"2023-12-21T09:59:58","modified_gmt":"2023-12-21T12:59:58","slug":"mano-do-som-vota-contra-aumento-dos-salarios-dos-vereadores-na-camara-de-caruaru","status":"publish","type":"post","link":"https:\/\/blogdoedvaldomagalhaes.com.br\/index.php\/2023\/12\/21\/mano-do-som-vota-contra-aumento-dos-salarios-dos-vereadores-na-camara-de-caruaru\/","title":{"rendered":"Mano do Som vota contra aumento dos sal\u00e1rios dos vereadores na C\u00e2mara de Caruaru"},"content":{"rendered":"<div id=\"chunk-fmmnp\">\n<div class=\"mc-column content-text active-extra-styles\" data-block-type=\"unstyled\" data-block-weight=\"34\" data-block-id=\"2\">\n<p class=\"content-text__container\" data-track-category=\"Link no Texto\" data-track-links=\"\">Na \u00faltima sess\u00e3o da C\u00e2mara Municipal de Caruaru em 2023, foi votado e aprovado por maioria o aumento dos sal\u00e1rios dos parlamentares, que entra em vigor a partir do ano de 2025. O vereador Mano do Som votou contra o reajuste, usou a tribuna da casa e justificou \u201cSou de origem humilde, conhe\u00e7o as necessidades da popula\u00e7\u00e3o de Caruaru, nas zonas urbana e rural. Quando o projeto come\u00e7ou a tramitar na casa, ouvi v\u00e1rias categorias e ficaria muito feliz se todas tamb\u00e9m tivessem aumento salarial, como n\u00e3o tem, votei contra, usando a minha consci\u00eancia e e respeitando o posicionamento dos colegas parlamentares\u201d, afirmou Mano do Som.<\/p>\n<p class=\"content-text__container\" data-track-category=\"Link no Texto\" data-track-links=\"\"><span style=\"font-size: revert;\">O projeto de lei prev\u00ea um aumento de 10% no sal\u00e1rio dos funcion\u00e1rios da C\u00e2mara e um reajuste de 25% no sal\u00e1rios dos vereadores a partir da pr\u00f3xima legislatura em 2025, saindo de R$ 15 mim reais para R$ 18.740 para os 23 vereadores. As cotas parlamentares usadas para compra de alimentos e combust\u00edveis passar\u00e3o de E$ 4 mil para R$ 5.500 reais.<\/span><\/p>\n<p data-track-category=\"Link no Texto\" data-track-links=\"\">Seja seguidor do Instagram do Blog @blogdoedvaldomagalhaes<\/p>\n<\/div>\n<\/div>\n","protected":false},"excerpt":{"rendered":"<p>Na \u00faltima sess\u00e3o da C\u00e2mara Municipal de Caruaru em 2023, foi votado e aprovado por maioria o aumento dos sal\u00e1rios&hellip;<\/p>\n","protected":false},"author":1,"featured_media":103931,"comment_status":"closed","ping_status":"open","sticky":false,"template":"","format":"standard","meta":{"footnotes":""},"categories":[14122],"tags":[28803,2,28801,3406,29397,20295],"class_list":["post-103925","post","type-post","status-publish","format-standard","has-post-thumbnail","hentry","category-politica","tag-blog-com-mais-visualizacoes","tag-blog-do-edvaldo-magalhaes","tag-blog-mais-acessado","tag-caruaru","tag-mano-do-som-vota-contra-aumento-dos-salarios-dos-vereadores-na-camara-de-caruaru","tag-politica-2"],"_links":{"self":[{"href":"https:\/\/blogdoedvaldomagalhaes.com.br\/index.php\/wp-json\/wp\/v2\/posts\/103925","targetHints":{"allow":["GET"]}}],"collection":[{"href":"https:\/\/blogdoedvaldomagalhaes.com.br\/index.php\/wp-json\/wp\/v2\/posts"}],"about":[{"href":"https:\/\/blogdoedvaldomagalhaes.com.br\/index.php\/wp-json\/wp\/v2\/types\/post"}],"author":[{"embeddable":true,"href":"https:\/\/blogdoedvaldomagalhaes.com.br\/index.php\/wp-json\/wp\/v2\/users\/1"}],"replies":[{"embeddable":true,"href":"https:\/\/blogdoedvaldomagalhaes.com.br\/index.php\/wp-json\/wp\/v2\/comments?post=103925"}],"version-history":[{"count":3,"href":"https:\/\/blogdoedvaldomagalhaes.com.br\/index.php\/wp-json\/wp\/v2\/posts\/103925\/revisions"}],"predecessor-version":[{"id":103930,"href":"https:\/\/blogdoedvaldomagalhaes.com.br\/index.php\/wp-json\/wp\/v2\/posts\/103925\/revisions\/103930"}],"wp:featuredmedia":[{"embeddable":true,"href":"https:\/\/blogdoedvaldomagalhaes.com.br\/index.php\/wp-json\/wp\/v2\/media\/103931"}],"wp:attachment":[{"href":"https:\/\/blogdoedvaldomagalhaes.com.br\/index.php\/wp-json\/wp\/v2\/media?parent=103925"}],"wp:term":[{"taxonomy":"category","embeddable":true,"href":"https:\/\/blogdoedvaldomagalhaes.com.br\/index.php\/wp-json\/wp\/v2\/categories?post=103925"},{"taxonomy":"post_tag","embeddable":true,"href":"https:\/\/blogdoedvaldomagalhaes.com.br\/index.php\/wp-json\/wp\/v2\/tags?post=103925"}],"curies":[{"name":"wp","href":"https:\/\/api.w.org\/{rel}","templated":true}]}}