{"id":103921,"date":"2023-12-21T09:01:55","date_gmt":"2023-12-21T12:01:55","guid":{"rendered":"https:\/\/blogdoedvaldomagalhaes.com.br\/?p=103921"},"modified":"2023-12-21T09:16:31","modified_gmt":"2023-12-21T12:16:31","slug":"procon-caruaru-orienta-sobre-troca-de-presentes-natalinos","status":"publish","type":"post","link":"https:\/\/blogdoedvaldomagalhaes.com.br\/index.php\/2023\/12\/21\/procon-caruaru-orienta-sobre-troca-de-presentes-natalinos\/","title":{"rendered":"Procon Caruaru orienta sobre troca de presentes natalinos"},"content":{"rendered":"<p><span style=\"font-size: revert;\">O do Procon Caruaru orienta consumidores sobre troca de presentes natalinos. Ap\u00f3s o per\u00edodo de Natal \u00e9 muito comum que consumidores que receberam presentes, procurem as lojas para trocar os produtos, sendo o dia 26 conhecido como \u201cO dia da troca\u201d, seja por tamanho ou prefer\u00eancias pessoais.<\/span><\/p>\n<p>Mas nem sempre \u00e9 t\u00e3o f\u00e1cil realizar a troca de produtos, pois como n\u00e3o h\u00e1 um dispositivo legal nesse sentido, n\u00e3o h\u00e1, portanto, obriga\u00e7\u00e3o do fornecedor em proceder com a troca, exceto se haja a respectiva oferta e alguns compradores ficam com algumas d\u00favidas sobre prazos, quais as obriga\u00e7\u00f5es do fornecedor e quais os direitos do consumidor. Pensando nesses questionamentos, o Procon Caruaru separou algumas dicas para que o consumidor saiba seus direitos.<\/p>\n<p>Por n\u00e3o haver imposi\u00e7\u00e3o legal, num primeiro momento, o fornecedor n\u00e3o \u00e9 obrigado a realizar a troca por motivo de gosto ou tamanho, ou at\u00e9 mesmo, no caso daquele produto apresentar problemas, no caso das compras presenciais. Por\u00e9m, caso o vendedor tenha ofertado a possibilidade de troca e o consumidor busque o estabelecimento observando os requisitos para tal, a troca ter\u00e1 que ser feita.<\/p>\n<p>\u00c9 importante se certificar sobre a pol\u00edtica de troca da loja antes de comprar o produto, prazo, exig\u00eancia de embalagem, etiquetas ou at\u00e9 mesmo comprova\u00e7\u00e3o de que ele foi comprado no estabelecimento. A informa\u00e7\u00e3o de troca ou n\u00e3o do produto deve estar exposta ao consumidor, mas \u00e9 importante que este exija a oferta por escrito, seja na nota fiscal, recibo ou outro meio que o consumidor esteja resguardado por meio de documento, que a oferta foi feita naqueles termos, e possa, se necess\u00e1rio, exercer seu direito a troca.<\/p>\n<p>Em casos de defeito ou problema no produto comprado, o fornecedor tem at\u00e9 30 dias para realizar o reparo. Caso n\u00e3o seja realizado nesse prazo, o comprador pode solicitar a troca do item comprado por um novo, devolu\u00e7\u00e3o do dinheiro ou abatimento proporcional do pre\u00e7o.<\/p>\n<p>No caso das compras online, o \u00f3rg\u00e3o lembra sobre o direito do arrependimento, no qual o consumidor pode desistir da compra de um produto\/servi\u00e7o em at\u00e9 sete dias da data de aquisi\u00e7\u00e3o ou recebimento do produto. Tamb\u00e9m \u00e9 importante ficar atento sobre os prazos de entrega, tendo em vista que a maioria das compras nesse per\u00edodo \u00e9 voltada para presentar ou ser utilizado no dia de Natal, evitando ter problemas em rela\u00e7\u00e3o ao prazo de recebimento do produto. Foto: Divulga\u00e7\u00e3o<\/p>\n<p>Seja seguidor do Instagram do Blog @blogdoedvaldomagalhaes<\/p>\n","protected":false},"excerpt":{"rendered":"<p>O do Procon Caruaru orienta consumidores sobre troca de presentes natalinos. Ap\u00f3s o per\u00edodo de Natal \u00e9 muito comum que&hellip;<\/p>\n","protected":false},"author":1,"featured_media":103922,"comment_status":"closed","ping_status":"open","sticky":false,"template":"","format":"standard","meta":{"footnotes":""},"categories":[14120],"tags":[28803,2,28801,3406,29396],"class_list":["post-103921","post","type-post","status-publish","format-standard","has-post-thumbnail","hentry","category-noticias","tag-blog-com-mais-visualizacoes","tag-blog-do-edvaldo-magalhaes","tag-blog-mais-acessado","tag-caruaru","tag-procon-caruaru-orienta-sobre-troca-de-presentes-natalinos"],"_links":{"self":[{"href":"https:\/\/blogdoedvaldomagalhaes.com.br\/index.php\/wp-json\/wp\/v2\/posts\/103921","targetHints":{"allow":["GET"]}}],"collection":[{"href":"https:\/\/blogdoedvaldomagalhaes.com.br\/index.php\/wp-json\/wp\/v2\/posts"}],"about":[{"href":"https:\/\/blogdoedvaldomagalhaes.com.br\/index.php\/wp-json\/wp\/v2\/types\/post"}],"author":[{"embeddable":true,"href":"https:\/\/blogdoedvaldomagalhaes.com.br\/index.php\/wp-json\/wp\/v2\/users\/1"}],"replies":[{"embeddable":true,"href":"https:\/\/blogdoedvaldomagalhaes.com.br\/index.php\/wp-json\/wp\/v2\/comments?post=103921"}],"version-history":[{"count":2,"href":"https:\/\/blogdoedvaldomagalhaes.com.br\/index.php\/wp-json\/wp\/v2\/posts\/103921\/revisions"}],"predecessor-version":[{"id":103924,"href":"https:\/\/blogdoedvaldomagalhaes.com.br\/index.php\/wp-json\/wp\/v2\/posts\/103921\/revisions\/103924"}],"wp:featuredmedia":[{"embeddable":true,"href":"https:\/\/blogdoedvaldomagalhaes.com.br\/index.php\/wp-json\/wp\/v2\/media\/103922"}],"wp:attachment":[{"href":"https:\/\/blogdoedvaldomagalhaes.com.br\/index.php\/wp-json\/wp\/v2\/media?parent=103921"}],"wp:term":[{"taxonomy":"category","embeddable":true,"href":"https:\/\/blogdoedvaldomagalhaes.com.br\/index.php\/wp-json\/wp\/v2\/categories?post=103921"},{"taxonomy":"post_tag","embeddable":true,"href":"https:\/\/blogdoedvaldomagalhaes.com.br\/index.php\/wp-json\/wp\/v2\/tags?post=103921"}],"curies":[{"name":"wp","href":"https:\/\/api.w.org\/{rel}","templated":true}]}}