{"id":103918,"date":"2023-12-21T08:47:54","date_gmt":"2023-12-21T11:47:54","guid":{"rendered":"https:\/\/blogdoedvaldomagalhaes.com.br\/?p=103918"},"modified":"2023-12-21T08:47:55","modified_gmt":"2023-12-21T11:47:55","slug":"policia-realiza-operacao-em-bezerros-para-prender-envolvidos-em-corrupcao-de-menores-e-trafico-de-drogas","status":"publish","type":"post","link":"https:\/\/blogdoedvaldomagalhaes.com.br\/index.php\/2023\/12\/21\/policia-realiza-operacao-em-bezerros-para-prender-envolvidos-em-corrupcao-de-menores-e-trafico-de-drogas\/","title":{"rendered":"Pol\u00edcia realiza opera\u00e7\u00e3o em Bezerros, para prender envolvidos em corrup\u00e7\u00e3o de menores e tr\u00e1fico de drogas"},"content":{"rendered":"<p>A POL\u00cdCIA CIVIL DE PERNAMBUCO desencadeou, na manh\u00e3 desta quinta-feira (21\/12), a 92\u00aa Opera\u00e7\u00e3o de Repress\u00e3o Qualificada do ano, denominada &#8220;REINCIDERE&#8221;, vinculada \u00e0 Diretoria Integrada do Interior I \u2013 DINTER I, sob a presid\u00eancia do Delegado Patrick Marinho dos Santos, Titular da Delegacia de Pol\u00edcia da 91\u00aa Circunscri\u00e7\u00e3o\u2013 Bezerros, unidade integrante da 14\u00aa Delegacia Seccional \u2013 14\u00aa<br \/>\nDESEC.<\/p>\n<p>A investiga\u00e7\u00e3o foi iniciada em julho de 2022, com o objetivo de identificar e desarticular Associa\u00e7\u00e3o Criminosa voltada \u00e0 pr\u00e1tica dos crimes de Corrup\u00e7\u00e3o de Menores, Tr\u00e1fico de Drogas e Associa\u00e7\u00e3o para o Tr\u00e1fico. No dia de hoje, est\u00e3o sendo cumpridos 07 (sete) Mandados de Pris\u00e3o e 04 (quatro) Mandados de Busca e Apreens\u00e3o Domiciliar, todos expedidos pelo Ju\u00edzo da Primeira Vara da Comarca de Bezerros. Na execu\u00e7\u00e3o, est\u00e3o sendo empregados 50 (cinquenta) Policiais Civis, entre Delegados,<br \/>\nAgentes e Escriv\u00e3es. As investiga\u00e7\u00f5es foram assessoradas pela Diretoria de Intelig\u00eancia da Pol\u00edcia Civil de<br \/>\nPernambuco \u2013 DINTEL. Foto: Divulga\u00e7\u00e3o<\/p>\n<p>Seja seguidor do Instagram do Blog, para poder comentar @blogdoedvaldomagalhaes<\/p>\n","protected":false},"excerpt":{"rendered":"<p>A POL\u00cdCIA CIVIL DE PERNAMBUCO desencadeou, na manh\u00e3 desta quinta-feira (21\/12), a 92\u00aa Opera\u00e7\u00e3o de Repress\u00e3o Qualificada do ano, denominada&hellip;<\/p>\n","protected":false},"author":1,"featured_media":103919,"comment_status":"closed","ping_status":"open","sticky":false,"template":"","format":"standard","meta":{"footnotes":""},"categories":[14121],"tags":[2,28801,3406,29395],"class_list":["post-103918","post","type-post","status-publish","format-standard","has-post-thumbnail","hentry","category-policial","tag-blog-do-edvaldo-magalhaes","tag-blog-mais-acessado","tag-caruaru","tag-policia-civil-realiza-operacao-em-bezerros-contra-corrupcao-de-menores-e-trafico-de-drogas"],"_links":{"self":[{"href":"https:\/\/blogdoedvaldomagalhaes.com.br\/index.php\/wp-json\/wp\/v2\/posts\/103918","targetHints":{"allow":["GET"]}}],"collection":[{"href":"https:\/\/blogdoedvaldomagalhaes.com.br\/index.php\/wp-json\/wp\/v2\/posts"}],"about":[{"href":"https:\/\/blogdoedvaldomagalhaes.com.br\/index.php\/wp-json\/wp\/v2\/types\/post"}],"author":[{"embeddable":true,"href":"https:\/\/blogdoedvaldomagalhaes.com.br\/index.php\/wp-json\/wp\/v2\/users\/1"}],"replies":[{"embeddable":true,"href":"https:\/\/blogdoedvaldomagalhaes.com.br\/index.php\/wp-json\/wp\/v2\/comments?post=103918"}],"version-history":[{"count":1,"href":"https:\/\/blogdoedvaldomagalhaes.com.br\/index.php\/wp-json\/wp\/v2\/posts\/103918\/revisions"}],"predecessor-version":[{"id":103920,"href":"https:\/\/blogdoedvaldomagalhaes.com.br\/index.php\/wp-json\/wp\/v2\/posts\/103918\/revisions\/103920"}],"wp:featuredmedia":[{"embeddable":true,"href":"https:\/\/blogdoedvaldomagalhaes.com.br\/index.php\/wp-json\/wp\/v2\/media\/103919"}],"wp:attachment":[{"href":"https:\/\/blogdoedvaldomagalhaes.com.br\/index.php\/wp-json\/wp\/v2\/media?parent=103918"}],"wp:term":[{"taxonomy":"category","embeddable":true,"href":"https:\/\/blogdoedvaldomagalhaes.com.br\/index.php\/wp-json\/wp\/v2\/categories?post=103918"},{"taxonomy":"post_tag","embeddable":true,"href":"https:\/\/blogdoedvaldomagalhaes.com.br\/index.php\/wp-json\/wp\/v2\/tags?post=103918"}],"curies":[{"name":"wp","href":"https:\/\/api.w.org\/{rel}","templated":true}]}}