{"id":103901,"date":"2023-12-20T20:15:29","date_gmt":"2023-12-20T23:15:29","guid":{"rendered":"https:\/\/blogdoedvaldomagalhaes.com.br\/?p=103901"},"modified":"2023-12-21T06:49:45","modified_gmt":"2023-12-21T09:49:45","slug":"homem-e-encontrado-morto-dentro-da-propria-casa-em-caruaru","status":"publish","type":"post","link":"https:\/\/blogdoedvaldomagalhaes.com.br\/index.php\/2023\/12\/20\/homem-e-encontrado-morto-dentro-da-propria-casa-em-caruaru\/","title":{"rendered":"Homem \u00e9 encontrado morto dentro da pr\u00f3pria casa, em Caruaru"},"content":{"rendered":"<p><span style=\"font-size: revert;\">Um homem foi encontrado morto dentro da pr\u00f3pria casa na na quadra 05, Bloco 02, no Residencial Luiz Bezerra Torres, em Caruaru. Segundos informa\u00e7\u00f5es, a casa estaria toda revirada, e muitas coisas espalhadas. <\/span><span style=\"font-size: revert;\">A v\u00edtima foi o aposentado Jos\u00e9 Heleno da Silva, de 71 anos, que era natural de Ribeir\u00e3o, na Zona da Mata Sul de Pernambuco.<\/span><\/p>\n<p>A Pol\u00edcia Militar foi acionada e realizou o isolamento do local, uma equipe da Divis\u00e3o de Homic\u00eddios tamb\u00e9m esteve no local e acompanhou a per\u00edcia que foi realizada pelo IC \u2013 Instituto de Criminal\u00edstica, que n\u00e3o encontrou nenhuma marca de viol\u00eancia. Foi encontrada apenas uma pequena les\u00e3o na cabe\u00e7a da v\u00edtima que pode ter sido resultante de uma queda.<\/p>\n<p>A casa tem janelas e porta de vidro, algu\u00e9m pode ter visto a v\u00edtima morta no piso do quarto, ter entrado e revirado tudo em busca de algo de valor. <span style=\"font-size: revert;\">O corpo da v\u00edtima foi encaminhado para o IML local.<\/span><\/p>\n<p>Seja seguidor do Instagram do Blog, para comentar @blogdoedvaldomagalhaes<\/p>\n<p><span style=\"font-size: revert;\"><img loading=\"lazy\" decoding=\"async\" class=\"size-full wp-image-103906\" src=\"https:\/\/blogdoedvaldomagalhaes.com.br\/wp-content\/uploads\/2023\/12\/a19901c5-4a44-4efa-a48c-d20b59625e4d.jpg\" width=\"1080\" height=\"1436\" srcset=\"https:\/\/blogdoedvaldomagalhaes.com.br\/wp-content\/uploads\/2023\/12\/a19901c5-4a44-4efa-a48c-d20b59625e4d.jpg 1080w, https:\/\/blogdoedvaldomagalhaes.com.br\/wp-content\/uploads\/2023\/12\/a19901c5-4a44-4efa-a48c-d20b59625e4d-226x300.jpg 226w, https:\/\/blogdoedvaldomagalhaes.com.br\/wp-content\/uploads\/2023\/12\/a19901c5-4a44-4efa-a48c-d20b59625e4d-770x1024.jpg 770w, https:\/\/blogdoedvaldomagalhaes.com.br\/wp-content\/uploads\/2023\/12\/a19901c5-4a44-4efa-a48c-d20b59625e4d-768x1021.jpg 768w\" sizes=\"auto, (max-width: 1080px) 100vw, 1080px\" \/><\/span><\/p>\n<p><span style=\"font-size: revert;\">Foto do interior da casa <\/span><\/p>\n","protected":false},"excerpt":{"rendered":"<p>Um homem foi encontrado morto dentro da pr\u00f3pria casa na na quadra 05, Bloco 02, no Residencial Luiz Bezerra Torres,&hellip;<\/p>\n","protected":false},"author":1,"featured_media":103902,"comment_status":"closed","ping_status":"open","sticky":false,"template":"","format":"standard","meta":{"footnotes":""},"categories":[14120],"tags":[28803,2,28801,3406,29392],"class_list":["post-103901","post","type-post","status-publish","format-standard","has-post-thumbnail","hentry","category-noticias","tag-blog-com-mais-visualizacoes","tag-blog-do-edvaldo-magalhaes","tag-blog-mais-acessado","tag-caruaru","tag-homem-e-encontrado-morto-dentro-da-propria-casa-em-caruaru"],"_links":{"self":[{"href":"https:\/\/blogdoedvaldomagalhaes.com.br\/index.php\/wp-json\/wp\/v2\/posts\/103901","targetHints":{"allow":["GET"]}}],"collection":[{"href":"https:\/\/blogdoedvaldomagalhaes.com.br\/index.php\/wp-json\/wp\/v2\/posts"}],"about":[{"href":"https:\/\/blogdoedvaldomagalhaes.com.br\/index.php\/wp-json\/wp\/v2\/types\/post"}],"author":[{"embeddable":true,"href":"https:\/\/blogdoedvaldomagalhaes.com.br\/index.php\/wp-json\/wp\/v2\/users\/1"}],"replies":[{"embeddable":true,"href":"https:\/\/blogdoedvaldomagalhaes.com.br\/index.php\/wp-json\/wp\/v2\/comments?post=103901"}],"version-history":[{"count":4,"href":"https:\/\/blogdoedvaldomagalhaes.com.br\/index.php\/wp-json\/wp\/v2\/posts\/103901\/revisions"}],"predecessor-version":[{"id":103911,"href":"https:\/\/blogdoedvaldomagalhaes.com.br\/index.php\/wp-json\/wp\/v2\/posts\/103901\/revisions\/103911"}],"wp:featuredmedia":[{"embeddable":true,"href":"https:\/\/blogdoedvaldomagalhaes.com.br\/index.php\/wp-json\/wp\/v2\/media\/103902"}],"wp:attachment":[{"href":"https:\/\/blogdoedvaldomagalhaes.com.br\/index.php\/wp-json\/wp\/v2\/media?parent=103901"}],"wp:term":[{"taxonomy":"category","embeddable":true,"href":"https:\/\/blogdoedvaldomagalhaes.com.br\/index.php\/wp-json\/wp\/v2\/categories?post=103901"},{"taxonomy":"post_tag","embeddable":true,"href":"https:\/\/blogdoedvaldomagalhaes.com.br\/index.php\/wp-json\/wp\/v2\/tags?post=103901"}],"curies":[{"name":"wp","href":"https:\/\/api.w.org\/{rel}","templated":true}]}}