{"id":103892,"date":"2023-12-20T19:34:35","date_gmt":"2023-12-20T22:34:35","guid":{"rendered":"https:\/\/blogdoedvaldomagalhaes.com.br\/?p=103892"},"modified":"2023-12-21T06:41:08","modified_gmt":"2023-12-21T09:41:08","slug":"homicidio-homem-e-esfaqueado-no-bairro-joao-mota-e-morre-no-hra","status":"publish","type":"post","link":"https:\/\/blogdoedvaldomagalhaes.com.br\/index.php\/2023\/12\/20\/homicidio-homem-e-esfaqueado-no-bairro-joao-mota-e-morre-no-hra\/","title":{"rendered":"Homic\u00eddio: Homem \u00e9 esfaqueado no bairro Jo\u00e3o Mota e morre no HRA"},"content":{"rendered":"<p>A pol\u00edcia registrou um homic\u00eddio na tarde desta quarta-feira (20.12), na Rua S\u00e3o Francisco Lisboa, no bairro do Jo\u00e3o Mota, em Caruaru. <span style=\"font-size: revert;\">A v\u00edtima foi Jos\u00e9 Liberato da Silva Filho, de 32 anos de idade. A pol\u00edcia informou que a v\u00edtima sofreu de golpes de faca, saiu correndo e caiu na frente de uma oficina, sendo socorrida \u00a0pelo Samu para o Hospital Regional do Agreste (HRA), onde faleceu. Jos\u00e9 Liberato j\u00e1 havia sido preso acussdo de envolvimento com o tr\u00e1fico de drogas.<\/span><\/p>\n<p>Equipes da PM estiveram no local e a Pol\u00edcia Civil iniciou as investiga\u00e7\u00f5es para chegar ao autor do crime. O corpo foi encaminhado para o IML de Caruaru.<\/p>\n<p>Este foi o 4\u00ba homic\u00eddio registrado no m\u00eas de dezembro e o 125\u00ba do ano em Caruaru.<\/p>\n<p>Seja seguidor do Instagram do Blog, para comentar @blogdoedvaldomagalhaes<\/p>\n<p><img loading=\"lazy\" decoding=\"async\" class=\"size-full wp-image-103898\" src=\"https:\/\/blogdoedvaldomagalhaes.com.br\/wp-content\/uploads\/2023\/12\/0f7c0cf1-b269-46ce-822f-01363e04f711.jpg\" width=\"1080\" height=\"1314\" srcset=\"https:\/\/blogdoedvaldomagalhaes.com.br\/wp-content\/uploads\/2023\/12\/0f7c0cf1-b269-46ce-822f-01363e04f711.jpg 1080w, https:\/\/blogdoedvaldomagalhaes.com.br\/wp-content\/uploads\/2023\/12\/0f7c0cf1-b269-46ce-822f-01363e04f711-247x300.jpg 247w, https:\/\/blogdoedvaldomagalhaes.com.br\/wp-content\/uploads\/2023\/12\/0f7c0cf1-b269-46ce-822f-01363e04f711-842x1024.jpg 842w, https:\/\/blogdoedvaldomagalhaes.com.br\/wp-content\/uploads\/2023\/12\/0f7c0cf1-b269-46ce-822f-01363e04f711-768x934.jpg 768w\" sizes=\"auto, (max-width: 1080px) 100vw, 1080px\" \/><\/p>\n<p>V\u00edtima: Jos\u00e9 Liberato da Silva Filho<\/p>\n","protected":false},"excerpt":{"rendered":"<p>A pol\u00edcia registrou um homic\u00eddio na tarde desta quarta-feira (20.12), na Rua S\u00e3o Francisco Lisboa, no bairro do Jo\u00e3o Mota,&hellip;<\/p>\n","protected":false},"author":1,"featured_media":103893,"comment_status":"closed","ping_status":"open","sticky":false,"template":"","format":"standard","meta":{"footnotes":""},"categories":[14121],"tags":[2,28801,3406,29391],"class_list":["post-103892","post","type-post","status-publish","format-standard","has-post-thumbnail","hentry","category-policial","tag-blog-do-edvaldo-magalhaes","tag-blog-mais-acessado","tag-caruaru","tag-homicidio-homem-e-esfaqueado-no-bairro-joao-mota-e-morre-no-hra"],"_links":{"self":[{"href":"https:\/\/blogdoedvaldomagalhaes.com.br\/index.php\/wp-json\/wp\/v2\/posts\/103892","targetHints":{"allow":["GET"]}}],"collection":[{"href":"https:\/\/blogdoedvaldomagalhaes.com.br\/index.php\/wp-json\/wp\/v2\/posts"}],"about":[{"href":"https:\/\/blogdoedvaldomagalhaes.com.br\/index.php\/wp-json\/wp\/v2\/types\/post"}],"author":[{"embeddable":true,"href":"https:\/\/blogdoedvaldomagalhaes.com.br\/index.php\/wp-json\/wp\/v2\/users\/1"}],"replies":[{"embeddable":true,"href":"https:\/\/blogdoedvaldomagalhaes.com.br\/index.php\/wp-json\/wp\/v2\/comments?post=103892"}],"version-history":[{"count":6,"href":"https:\/\/blogdoedvaldomagalhaes.com.br\/index.php\/wp-json\/wp\/v2\/posts\/103892\/revisions"}],"predecessor-version":[{"id":103909,"href":"https:\/\/blogdoedvaldomagalhaes.com.br\/index.php\/wp-json\/wp\/v2\/posts\/103892\/revisions\/103909"}],"wp:featuredmedia":[{"embeddable":true,"href":"https:\/\/blogdoedvaldomagalhaes.com.br\/index.php\/wp-json\/wp\/v2\/media\/103893"}],"wp:attachment":[{"href":"https:\/\/blogdoedvaldomagalhaes.com.br\/index.php\/wp-json\/wp\/v2\/media?parent=103892"}],"wp:term":[{"taxonomy":"category","embeddable":true,"href":"https:\/\/blogdoedvaldomagalhaes.com.br\/index.php\/wp-json\/wp\/v2\/categories?post=103892"},{"taxonomy":"post_tag","embeddable":true,"href":"https:\/\/blogdoedvaldomagalhaes.com.br\/index.php\/wp-json\/wp\/v2\/tags?post=103892"}],"curies":[{"name":"wp","href":"https:\/\/api.w.org\/{rel}","templated":true}]}}