{"id":103889,"date":"2023-12-20T16:34:03","date_gmt":"2023-12-20T19:34:03","guid":{"rendered":"https:\/\/blogdoedvaldomagalhaes.com.br\/?p=103889"},"modified":"2023-12-20T16:34:04","modified_gmt":"2023-12-20T19:34:04","slug":"governo-de-pernambuco-entrega-152-titulos-de-dominio-para-agricultores-de-quatro-municipios-do-sertao-do-pajeu","status":"publish","type":"post","link":"https:\/\/blogdoedvaldomagalhaes.com.br\/index.php\/2023\/12\/20\/governo-de-pernambuco-entrega-152-titulos-de-dominio-para-agricultores-de-quatro-municipios-do-sertao-do-pajeu\/","title":{"rendered":"Governo de Pernambuco entrega 152 t\u00edtulos de dom\u00ednio para agricultores de quatro munic\u00edpios do Sert\u00e3o do Paje\u00fa"},"content":{"rendered":"<p><span style=\"font-size: revert;\">Dando continuidade \u00e0s agendas no interior do Estado, a governadora Raquel Lyra e a sua vice, Priscila Krause, entregaram, nesta quarta-feira (20), em Afogados da Ingazeira, no Sert\u00e3o do Paje\u00fa, 152 t\u00edtulos de dom\u00ednio a trabalhadores rurais da unidade regional que comp\u00f5e os munic\u00edpios de Afogados da Ingazeira (66), Carna\u00edba (40), Itapetim (34) e Tuparetama (12). Os documentos regularizam os im\u00f3veis rurais que n\u00e3o t\u00eam a sua escritura registrada em cart\u00f3rio. O Governo de Pernambuco prev\u00ea, ainda, a entrega de mais de 1,6 mil t\u00edtulos nos pr\u00f3ximos meses.<\/span><\/p>\n<p>\u201cAqueles que vive nas zonas rurais dos munic\u00edpios muitas vezes n\u00e3o eram enxergados pelo poder p\u00fablico, mas n\u00f3s estamos aqui para inverter essa l\u00f3gica. Hoje s\u00e3o 152 fam\u00edlias do Sert\u00e3o do Paje\u00fa que, depois de esperar por uma vida inteira, agora t\u00eam o t\u00edtulo das suas terras garantidos. Nossos compromissos de trabalho j\u00e1 est\u00e3o se tornando realidade na vida do povo que vive nesta regi\u00e3o com muita dignidade e acesso a direitos fundamentais\u201d, ressaltou a governadora, que destacou ainda que realizar\u00e1 uma vistoria nas obras de pavimenta\u00e7\u00e3o da estrada de Ibitiranga, a VPE-380, que vai da cidade de Afogados da Ingazeira at\u00e9 o povoado de Novo Pernambuco, em Carna\u00edba.<\/p>\n<p>A regulariza\u00e7\u00e3o fundi\u00e1ria foi realizada pelo Instituto de Terras e Reforma Agr\u00e1ria do Estado de Pernambuco (Iterpe), junto ao Instituto Nacional de Coloniza\u00e7\u00e3o e Reforma Agr\u00e1ria (Incra). De acordo com a secret\u00e1ria de Desenvolvimento Agr\u00e1rio, Agricultura, Pecu\u00e1ria e Pesca, Ellen Vi\u00e9gas, promover a regulariza\u00e7\u00e3o fundi\u00e1ria das terras contribui para o acesso dos agricultores \u00e0s pol\u00edticas p\u00fablicas e para o desenvolvimento socioecon\u00f4mico regional. \u201c\u00c9 um dia muito importante para essas pessoas, que nunca tiveram a oportunidade de ter a documenta\u00e7\u00e3o da sua terra. Muitos deles est\u00e3o esperando h\u00e1 cerca de 50 anos\u201d, registrou.<\/p>\n<p>O prefeito de Afogados da Ingazeira, Sandrinho Palmeira, agradeceu todo o empenho do Governo do Estado na destina\u00e7\u00e3o dos investimentos para o desenvolvimento da regi\u00e3o. \u201cFui recebido com muita aten\u00e7\u00e3o pela governadora recentemente para discutir as prioridades da nossa cidade e de toda regi\u00e3o do Paje\u00fa. O Governo do Estado j\u00e1 deu o pontap\u00e9 inicial para melhorar o nosso desenvolvimento em diversas \u00e1reas, a exemplo dos t\u00edtulos que est\u00e3o sendo entregues hoje, t\u00e3o importantes para essas fam\u00edlias\u201d, afirmou.<\/p>\n<p>Na ter\u00e7a-feira (19), o governo entregou 199 t\u00edtulos de dom\u00ednio no munic\u00edpio de Bom Conselho, no Agreste. Al\u00e9m do direito ao acesso a essas terras, os trabalhadores beneficiados ter\u00e3o oportunidade de cr\u00e9dito imediato, seguran\u00e7a jur\u00eddica e social e direito \u00e0 documenta\u00e7\u00e3o b\u00e1sica.<\/p>\n<p>Agricultor de Afogados da Ingazeira, Ant\u00f4nio Almeida, de 60 anos, recebeu o documento das m\u00e3os da governadora e comemorou a conquista. \u201cJ\u00e1 estava esperando esse documento h\u00e1 bastante tempo e achava que n\u00e3o ia ter mais. \u00c9 um momento muito importante para mim, um dia que jamais vou esquecer. Agora a terra \u00e9 minha\u201d, comemorou.<\/p>\n<p>Tamb\u00e9m estiveram presentes na solenidade o secret\u00e1rio-chefe da Casa Militar, coronel Herc\u00edlio Mamede; o executivo da Casa Civil Rubens J\u00fanior; o assessor da governadora, Jos\u00e9 Pereira; o presidente do Iterpe, Henrique Queiroz; o diretor-geral do ProRural, Mychel Ferraz; os deputados estaduais Romero Sales Filho e Jos\u00e9 Patriota; os prefeitos Nicinha Melo (Tabira), Zeinha Torres (Iguaracy), Anchieta Patriota (Carna\u00edba), Luciano Torres (Ingazeira) e Z\u00e9 Pretinho (Quixaba); o presidente da C\u00e2mara Municipal dos Vereadores de Afogados da Ingazeira, C\u00edcero Guedes; e os vereadores Gal Mariano, C\u00e9sar Ten\u00f3rio, C\u00edcero Ramos, Douglas eletricista, Edson Henrique e Erickson Torres.<\/p>\n<p>Fotos: Miva Filho\/Secom<\/p>\n<p>Seja seguidor do Instagram do Blog do Edvaldo Magalh\u00e3es @blogdoedvaldomagalhaes<\/p>\n","protected":false},"excerpt":{"rendered":"<p>Dando continuidade \u00e0s agendas no interior do Estado, a governadora Raquel Lyra e a sua vice, Priscila Krause, entregaram, nesta&hellip;<\/p>\n","protected":false},"author":1,"featured_media":103890,"comment_status":"closed","ping_status":"open","sticky":false,"template":"","format":"standard","meta":{"footnotes":""},"categories":[14122],"tags":[28803,2,28801,3406,29390,20295,1229],"class_list":["post-103889","post","type-post","status-publish","format-standard","has-post-thumbnail","hentry","category-politica","tag-blog-com-mais-visualizacoes","tag-blog-do-edvaldo-magalhaes","tag-blog-mais-acessado","tag-caruaru","tag-governo-de-pernambuco-entrega-152-titulos-de-dominio-para-agricultores-de-quatro-municipios-do-sertao-do-pajeu","tag-politica-2","tag-raquel-lyra"],"_links":{"self":[{"href":"https:\/\/blogdoedvaldomagalhaes.com.br\/index.php\/wp-json\/wp\/v2\/posts\/103889","targetHints":{"allow":["GET"]}}],"collection":[{"href":"https:\/\/blogdoedvaldomagalhaes.com.br\/index.php\/wp-json\/wp\/v2\/posts"}],"about":[{"href":"https:\/\/blogdoedvaldomagalhaes.com.br\/index.php\/wp-json\/wp\/v2\/types\/post"}],"author":[{"embeddable":true,"href":"https:\/\/blogdoedvaldomagalhaes.com.br\/index.php\/wp-json\/wp\/v2\/users\/1"}],"replies":[{"embeddable":true,"href":"https:\/\/blogdoedvaldomagalhaes.com.br\/index.php\/wp-json\/wp\/v2\/comments?post=103889"}],"version-history":[{"count":1,"href":"https:\/\/blogdoedvaldomagalhaes.com.br\/index.php\/wp-json\/wp\/v2\/posts\/103889\/revisions"}],"predecessor-version":[{"id":103891,"href":"https:\/\/blogdoedvaldomagalhaes.com.br\/index.php\/wp-json\/wp\/v2\/posts\/103889\/revisions\/103891"}],"wp:featuredmedia":[{"embeddable":true,"href":"https:\/\/blogdoedvaldomagalhaes.com.br\/index.php\/wp-json\/wp\/v2\/media\/103890"}],"wp:attachment":[{"href":"https:\/\/blogdoedvaldomagalhaes.com.br\/index.php\/wp-json\/wp\/v2\/media?parent=103889"}],"wp:term":[{"taxonomy":"category","embeddable":true,"href":"https:\/\/blogdoedvaldomagalhaes.com.br\/index.php\/wp-json\/wp\/v2\/categories?post=103889"},{"taxonomy":"post_tag","embeddable":true,"href":"https:\/\/blogdoedvaldomagalhaes.com.br\/index.php\/wp-json\/wp\/v2\/tags?post=103889"}],"curies":[{"name":"wp","href":"https:\/\/api.w.org\/{rel}","templated":true}]}}