{"id":103878,"date":"2023-12-20T11:22:21","date_gmt":"2023-12-20T14:22:21","guid":{"rendered":"https:\/\/blogdoedvaldomagalhaes.com.br\/?p=103878"},"modified":"2023-12-20T11:22:22","modified_gmt":"2023-12-20T14:22:22","slug":"juntos-pela-seguranca-abertura-de-4-019-vagas-em-concursos-em-2023-permite-plano-de-reestruturacao-das-forcas-policiais-de-pernambuco","status":"publish","type":"post","link":"https:\/\/blogdoedvaldomagalhaes.com.br\/index.php\/2023\/12\/20\/juntos-pela-seguranca-abertura-de-4-019-vagas-em-concursos-em-2023-permite-plano-de-reestruturacao-das-forcas-policiais-de-pernambuco\/","title":{"rendered":"Juntos pela Seguran\u00e7a: abertura de 4.019 vagas em concursos em 2023 permite plano de reestrutura\u00e7\u00e3o das for\u00e7as policiais de Pernambuco"},"content":{"rendered":"<p><span style=\"font-size: revert;\">Primeiro ano do governo Raquel Lyra, 2023 ficar\u00e1 marcado pelo in\u00edcio do processo de reestrutura\u00e7\u00e3o das for\u00e7as policiais de Pernambuco. Para refor\u00e7ar e aprimorar as a\u00e7\u00f5es de seguran\u00e7a p\u00fablica no Estado, cujo objetivo principal \u00e9 a redu\u00e7\u00e3o dos \u00edndices de viol\u00eancia, a atual gest\u00e3o investiu na abertura de concursos p\u00fablicos para a \u00e1rea. Ao todo, foram abertas 4.019 vagas, sendo 2.700 para a Pol\u00edcia Militar (2.400 para pra\u00e7a e 300 para oficial), 660 para o Corpo de Bombeiros (600 para pra\u00e7a e 60 para oficial), 445 para a Pol\u00edcia Civil e 214 para a Pol\u00edcia Cient\u00edfica. Os processos de contrata\u00e7\u00e3o das bancas organizadores j\u00e1 est\u00e3o em execu\u00e7\u00e3o e as provas acontecer\u00e3o no primeiro trimestre do pr\u00f3ximo ano.<\/span><\/p>\n<p>\u201cO Juntos pela Seguran\u00e7a conta com grande investimento para conseguir um objetivo: garantir ao cidad\u00e3o pernambucano o direito de ir e vir. E um dos pilares da pol\u00edtica de seguran\u00e7a p\u00fablica do Estado \u00e9 a realiza\u00e7\u00e3o de concursos p\u00fablicos. Assim, o trabalho ostensivo ser\u00e1 intensificado, vidas ser\u00e3o salvas e o servidor poder\u00e1 fazer um trabalho mais eficiente. No fim, todos ganham: as pol\u00edcias, os servidores, a seguran\u00e7a p\u00fablica e, principalmente, a popula\u00e7\u00e3o pernambucana\u201d, afirma a governadora Raquel Lyra.<\/p>\n<p>A abertura de concursos \u00e9 apenas uma das estrat\u00e9gias do Juntos pela Seguran\u00e7a, pol\u00edtica de seguran\u00e7a p\u00fablica lan\u00e7ada este ano pelo Governo de Pernambuco com a meta de garantir a redu\u00e7\u00e3o da criminalidade em 30% at\u00e9 o ano de 2026. O plano j\u00e1 tem garantido R$ 1 bilh\u00e3o, sendo R$ 660 milh\u00f5es apenas para investimentos e R$ 350 para contrata\u00e7\u00e3o de novos policiais.<\/p>\n<p>Para o secret\u00e1rio de Defesa Social, Alessandro Carvalho, a abertura de 4.019 vagas para concursos na \u00e1rea de seguran\u00e7a p\u00fablica \u00e9 um fator determinante para o cumprimento das diretrizes do Juntos pela Seguran\u00e7a. \u201cA governadora tomou a decis\u00e3o de abrir concurso para recompor os efetivos da PM,PC,BM e Pol\u00edcia Cient\u00edfica e foi uma medida essencial para que as metas do Juntos pela Seguran\u00e7a sejam alcan\u00e7adas. Isso aliado aos demais investimentos em obras, constru\u00e7\u00f5es e aquisi\u00e7\u00e3o de equipamentos fundamentais para o exerc\u00edcio da atividade policial\u201d, acrescenta.<\/p>\n<p>O an\u00fancio das 214 vagas para a Pol\u00edcia Cient\u00edfica foi feito no dia 6 de novembro. Ser\u00e3o 77 vagas para o cargo de agente de medicina legal, 60 para m\u00e9dico legista e 77 para perito criminal.<\/p>\n<p>Ainda em novembro, no dia 11, o Governo publicou o edital do concurso p\u00fablico para a Pol\u00edcia Militar e Bombeiro Militar do Estado, com 3.300 vagas. As provas ser\u00e3o realizadas no dia 21 de janeiro de 2024 para os cargos do Corpo de Bombeiros Militar e no dia 28 de janeiro de 2024 para os cargos da Pol\u00edcia Militar de Pernambuco. Elas ser\u00e3o feitas de forma regionalizada nas cidades de Recife, Caruaru, no Agreste, e Petrolina, no Sert\u00e3o. No munic\u00edpio sertanejo, as provas ser\u00e3o apenas para os cargos de pra\u00e7a da Pol\u00edcia Militar e do Corpo de Bombeiros.<\/p>\n<p>J\u00e1 o concurso da Pol\u00edcia Civil ter\u00e1 445 vagas, sendo 250 para o cargo de agente de pol\u00edcia, 150 para escriv\u00e3o e 45 para delegados. As provas dever\u00e3o ser realizadas em fevereiro de 2024. O edital do certame tem previs\u00e3o de ser publicado at\u00e9 o pr\u00f3ximo dia 29.<\/p>\n<p>Ainda no aspecto da seguran\u00e7a p\u00fablica, para al\u00e9m da abertura de novos concursos, O Governo de Raquel Lyra nomeou, este ano, 411 policiais penais, n\u00famero que representa mais que o dobro do previsto no concurso, realizado em 2021, com vistas \u00e0 convoca\u00e7\u00e3o de 200 profissionais.<\/p>\n<p>Foto: Miva Filho\/Secom<\/p>\n<p>Seja seguidor do Instagram do Blog @blogdoedvaldomagalhaes<\/p>\n","protected":false},"excerpt":{"rendered":"<p>Primeiro ano do governo Raquel Lyra, 2023 ficar\u00e1 marcado pelo in\u00edcio do processo de reestrutura\u00e7\u00e3o das for\u00e7as policiais de Pernambuco.&hellip;<\/p>\n","protected":false},"author":1,"featured_media":103879,"comment_status":"closed","ping_status":"open","sticky":false,"template":"","format":"standard","meta":{"footnotes":""},"categories":[14121],"tags":[28803,2,28801,3406,29387,1229],"class_list":["post-103878","post","type-post","status-publish","format-standard","has-post-thumbnail","hentry","category-policial","tag-blog-com-mais-visualizacoes","tag-blog-do-edvaldo-magalhaes","tag-blog-mais-acessado","tag-caruaru","tag-juntos-pela-seguranca-abertura-de-4-019-vagas-em-concursos-em-2023-permite-plano-de-reestruturacao-das-forcas-policiais-de-pernambuco","tag-raquel-lyra"],"_links":{"self":[{"href":"https:\/\/blogdoedvaldomagalhaes.com.br\/index.php\/wp-json\/wp\/v2\/posts\/103878","targetHints":{"allow":["GET"]}}],"collection":[{"href":"https:\/\/blogdoedvaldomagalhaes.com.br\/index.php\/wp-json\/wp\/v2\/posts"}],"about":[{"href":"https:\/\/blogdoedvaldomagalhaes.com.br\/index.php\/wp-json\/wp\/v2\/types\/post"}],"author":[{"embeddable":true,"href":"https:\/\/blogdoedvaldomagalhaes.com.br\/index.php\/wp-json\/wp\/v2\/users\/1"}],"replies":[{"embeddable":true,"href":"https:\/\/blogdoedvaldomagalhaes.com.br\/index.php\/wp-json\/wp\/v2\/comments?post=103878"}],"version-history":[{"count":1,"href":"https:\/\/blogdoedvaldomagalhaes.com.br\/index.php\/wp-json\/wp\/v2\/posts\/103878\/revisions"}],"predecessor-version":[{"id":103880,"href":"https:\/\/blogdoedvaldomagalhaes.com.br\/index.php\/wp-json\/wp\/v2\/posts\/103878\/revisions\/103880"}],"wp:featuredmedia":[{"embeddable":true,"href":"https:\/\/blogdoedvaldomagalhaes.com.br\/index.php\/wp-json\/wp\/v2\/media\/103879"}],"wp:attachment":[{"href":"https:\/\/blogdoedvaldomagalhaes.com.br\/index.php\/wp-json\/wp\/v2\/media?parent=103878"}],"wp:term":[{"taxonomy":"category","embeddable":true,"href":"https:\/\/blogdoedvaldomagalhaes.com.br\/index.php\/wp-json\/wp\/v2\/categories?post=103878"},{"taxonomy":"post_tag","embeddable":true,"href":"https:\/\/blogdoedvaldomagalhaes.com.br\/index.php\/wp-json\/wp\/v2\/tags?post=103878"}],"curies":[{"name":"wp","href":"https:\/\/api.w.org\/{rel}","templated":true}]}}