{"id":1038,"date":"2018-10-09T15:58:00","date_gmt":"2018-10-09T18:58:00","guid":{"rendered":"http:\/\/blogdoedvaldomagalhaes.com.br\/index.php\/2018\/10\/09\/plano-municipal-de-cultura-e-discutido\/"},"modified":"2019-02-09T02:34:42","modified_gmt":"2019-02-09T04:34:42","slug":"plano-municipal-de-cultura-e-discutido","status":"publish","type":"post","link":"https:\/\/blogdoedvaldomagalhaes.com.br\/index.php\/2018\/10\/09\/plano-municipal-de-cultura-e-discutido\/","title":{"rendered":"Plano Municipal de Cultura \u00e9 discutido em Caruaru"},"content":{"rendered":"<div class=\"separator\" style=\"clear: both; text-align: center;\">\n<a href=\"https:\/\/2.bp.blogspot.com\/-wUmSSCc9brU\/W7zPohSefZI\/AAAAAAAA7iA\/JlO94znO-Ls7Rb8uqGTrPK0KONztVQtDwCLcBGAs\/s1600\/plano.jpg\" imageanchor=\"1\" style=\"margin-left: 1em; margin-right: 1em;\"><img loading=\"lazy\" decoding=\"async\" border=\"0\" data-original-height=\"384\" data-original-width=\"512\" height=\"480\" src=\"http:\/\/blogdoedvaldomagalhaes.com.br\/wp-content\/uploads\/2018\/10\/plano.jpg\" width=\"640\" \/><\/a><\/div>\n<p><\/p>\n<div class=\"MsoNormal\" style=\"background-color: white; line-height: 23.54px; margin: 0cm 0cm 10pt; text-align: justify; text-indent: 35.45pt;\">\nNa noite desta segunda-feira (08), o Conselho Municipal de Pol\u00edtica Cultural de Caruaru (CMPCC) se reuniu para votar, em reuni\u00e3o ordin\u00e1ria, a minuta do Plano Municipal de Cultura (PMC). O encontro aconteceu na sala do conselho, que fica no Museu do Barro, no munic\u00edpio, onde foi registrada esta, que foi a \u00faltima vota\u00e7\u00e3o do ano de 2018.<\/div>\n<div class=\"MsoNormal\" style=\"background-color: white; line-height: 23.54px; margin: 0cm 0cm 10pt; text-align: justify; text-indent: 35.45pt;\">\n&nbsp;Intitulado como \u201cCaruaru, Cidade das Artes\u201d o Plano Municipal de Cultura de Caruaru traz, entre outros objetivos, o de criar um comit\u00ea gestor permanente para a organiza\u00e7\u00e3o do S\u00e3o Jo\u00e3o de Caruaru, transformar a antiga Esta\u00e7\u00e3o Ferrovi\u00e1ria em um equipamento tur\u00edstico e cultural, e promover a\u00e7\u00f5es culturais transversais entre a Funda\u00e7\u00e3o de Cultura e Turismo de Caruaru e os demais \u00f3rg\u00e3os da administra\u00e7\u00e3o municipal. O plano tem alinhamento com o Sistema Nacional de Cultura e \u00e9 composto por propostas que foram levantadas na 3\u00aa Confer\u00eancia de Cultura, realizada no em 2013, e votadas nas confer\u00eancias livres. Ser\u00e1 uma entrega do bi\u00eanio 2017\/2018 do CMPCC, para a pr\u00f3xima gest\u00e3o.<\/div>\n<div class=\"MsoNormal\" style=\"background-color: white; line-height: 23.54px; margin: 0cm 0cm 10pt; text-align: justify; text-indent: 35.45pt;\">\n&nbsp;Outro destaque do plano, \u00e9 a garantia da implementa\u00e7\u00e3o e a continuidade dos editais p\u00fablicos referentes ao Fundo Municipal de Cultura e ao Registro do Patrim\u00f4nio Vivo de Caruaru, que tamb\u00e9m constam na minuta. O pr\u00f3ximo passo ser\u00e1 enviar a minuta para o gabinete da prefeita de Caruaru, Raquel Lyra, onde o texto dever\u00e1 passar por revis\u00e3o da procuradoria do gabinete, no sentido de adequ\u00e1-lo como projeto de lei, para que possa ser enviado para aprova\u00e7\u00e3o na C\u00e2mara de Vereadores. Ao ser aprovado, o plano ter\u00e1 dura\u00e7\u00e3o de dez anos.<\/div>\n<div class=\"MsoNormal\" style=\"background-color: white; line-height: 23.54px; margin: 0cm 0cm 10pt; text-align: justify; text-indent: 35.45pt;\">\n&nbsp;\u201cO principal objetivo do Plano Municipal de Cultura \u00e9 criar uma diretriz para elabora\u00e7\u00e3o e implementa\u00e7\u00e3o das a\u00e7\u00f5es culturais no munic\u00edpio. S\u00e3o 25 objetivos estrat\u00e9gicos, de longo prazo, que criam um ambiente melhor para o artista poder exercer sua arte aqui no munic\u00edpio e tamb\u00e9m desenvolver o potencial que existe na cidade. Fazer com que Caruaru seja a capital do forr\u00f3 o ano inteiro, que a Esta\u00e7\u00e3o Ferrovi\u00e1ria funcione o ano inteiro, que todas as linguagens art\u00edsticas possam ser ensinadas e aprendidas no munic\u00edpio, s\u00e3o alguns dos objetivos que s\u00f3 v\u00eam a melhorar o ambiente cultural\u201d, destacou o vice-presidente do CMPCC, Leonardo Salazar.&nbsp;<\/div>\n<div class=\"separator\" style=\"clear: both; text-align: center;\">\n<a href=\"https:\/\/3.bp.blogspot.com\/-zF76-UmOf_k\/W7zP5dc6hUI\/AAAAAAAA7iI\/zqnXgGLD2g0exr2DRNUK2x6rjZHhvxmwgCLcBGAs\/s1600\/sa%25C3%25A7zar.jpg\" imageanchor=\"1\" style=\"margin-left: 1em; margin-right: 1em;\"><img loading=\"lazy\" decoding=\"async\" border=\"0\" data-original-height=\"427\" data-original-width=\"512\" height=\"532\" src=\"http:\/\/blogdoedvaldomagalhaes.com.br\/wp-content\/uploads\/2018\/10\/saC3A7zar.jpg\" width=\"640\" \/><\/a><\/div>\n<div class=\"MsoNormal\" style=\"background-color: white; line-height: 23.54px; margin: 0cm 0cm 10pt; text-align: justify; text-indent: 35.45pt;\">\n<\/div>\n<div class=\"post-body entry-content\" id=\"post-body-4378649526149164845\" itemprop=\"description articleBody\" style=\"background-color: white; line-height: 1.4; position: relative; width: 620px;\">\n<div class=\"MsoNormal\" style=\"line-height: 23.54px; margin: 0cm 0cm 10pt; text-align: justify;\">\n<b>Confira quais s\u00e3o os 25 objetivos tra\u00e7ados no Plano Municipal de Cultura de Caruaru:<\/b><\/div>\n<div class=\"MsoNormal\" style=\"line-height: 23.54px; margin: 0cm 0cm 10pt; text-align: justify;\">\n<\/div>\n<div class=\"MsoNormal\" style=\"line-height: 23.54px; margin: 0cm 0cm 10pt; text-align: justify;\">\n<b>Art. 3\u00ba<\/b>&nbsp;S\u00e3o objetivos estrat\u00e9gicos do Plano Municipal de Cultura, conforme delibera\u00e7\u00f5es das Confer\u00eancias Municipais de Cultura e do Conselho Municipal de Pol\u00edtica Cultural:<\/div>\n<div class=\"MsoNormal\" style=\"line-height: 23.54px; margin: 0cm 0cm 10pt; text-align: justify;\">\n<\/div>\n<div class=\"MsoNormal\" style=\"line-height: 23.54px; margin: 0cm 0cm 10pt; text-align: justify;\">\n<b>Objetivo 1<\/b>&nbsp;\u2013 realizar uma ampla reforma administrativa na Funda\u00e7\u00e3o de Cultura e Turismo de Caruaru, inclusive criando cargos efetivos preenchidos atrav\u00e9s de concurso p\u00fablico;<\/div>\n<div class=\"MsoNormal\" style=\"line-height: 23.54px; margin: 0cm 0cm 10pt; text-align: justify;\">\n<b>Objetivo 2<\/b>&nbsp;\u2013 formar pessoal qualificado para a gest\u00e3o das pol\u00edticas municipais de cultura;<\/div>\n<div class=\"MsoNormal\" style=\"line-height: 23.54px; margin: 0cm 0cm 10pt; text-align: justify;\">\n<b>Objetivo 3<\/b>&nbsp;\u2013 criar e manter atualizado um site institucional para a Funda\u00e7\u00e3o de Cultura e Turismo de Caruaru, baseado nos princ\u00edpios p\u00fablicos da transpar\u00eancia, da publicidade, da efici\u00eancia e da continuidade administrativa;<\/div>\n<div class=\"MsoNormal\" style=\"line-height: 23.54px; margin: 0cm 0cm 10pt; text-align: justify;\">\n<b>Objetivo 4<\/b>&nbsp;\u2013 reformar, modernizar e\/ou requalificar todos os museus e equipamentos culturais do munic\u00edpio;<\/div>\n<div class=\"MsoNormal\" style=\"line-height: 23.54px; margin: 0cm 0cm 10pt; text-align: justify;\">\n<b>Objetivo 5<\/b>&nbsp;\u2013 proteger os acervos f\u00edsicos das bibliotecas p\u00fablicas municipais, bem como garantir o pleno funcionamento de suas atividades em pr\u00e9dios adequados, al\u00e9m de, sempre que poss\u00edvel,&nbsp;digitalizar os acervos e disponibilizar o acesso atrav\u00e9s da internet;<\/div>\n<div class=\"MsoNormal\" style=\"line-height: 23.54px; margin: 0cm 0cm 10pt; text-align: justify;\">\n<b>Objetivo 6&nbsp;<\/b>\u2013 criar um comit\u00ea gestor permanente para a organiza\u00e7\u00e3o do S\u00e3o Jo\u00e3o, abrangendo fun\u00e7\u00f5es administrativas de planejamento, de capta\u00e7\u00e3o de recursos, de produ\u00e7\u00e3o e de avalia\u00e7\u00e3o do evento, composto por membros titulares e suplentes da Funda\u00e7\u00e3o de Cultura e Turismo de Caruaru, de todas as secretarias da administra\u00e7\u00e3o municipal e do Conselho Municipal de Pol\u00edtica Cultural;<\/div>\n<div class=\"MsoNormal\" style=\"line-height: 23.54px; margin: 0cm 0cm 10pt; text-align: justify;\">\n<b>Objetivo 7<\/b>&nbsp;\u2013 transformar&nbsp;a&nbsp;Esta\u00e7\u00e3o Central de Caruaru, o Armaz\u00e9m e o P\u00e1tio Ferrovi\u00e1rio em um conjunto de equipamentos tur\u00edsticos e culturais,&nbsp;de acordo com&nbsp;as normas t\u00e9cnicas para uso e ocupa\u00e7\u00e3o de pr\u00e9dios e p\u00e1tios ferrovi\u00e1rios hist\u00f3ricos, funcionando o ano inteiro com atividades de produ\u00e7\u00e3o, promo\u00e7\u00e3o, difus\u00e3o, exibi\u00e7\u00e3o e comercializa\u00e7\u00e3o de produtos culturais, da economia criativa e da gastronomia local;<\/div>\n<div class=\"MsoNormal\" style=\"line-height: 23.54px; margin: 0cm 0cm 10pt; text-align: justify;\">\n<b>Objetivo 8<\/b>&nbsp;\u2013 promover a\u00e7\u00f5es culturais transversais entre a Funda\u00e7\u00e3o de Cultura e Turismo de Caruaru e os demais \u00f3rg\u00e3os da administra\u00e7\u00e3o municipal;<\/div>\n<div class=\"MsoNormal\" style=\"line-height: 23.54px; margin: 0cm 0cm 10pt; text-align: justify;\">\n<b>Objetivo 9<\/b>&nbsp;\u2013 desenvolver a\u00e7\u00f5es culturais durante o ano inteiro que valorizem o t\u00edtulo de Caruaru como \u201cA Capital do Forr\u00f3\u201d, e do Alto do Moura como \u201cMaior Centro de Artes Figurativa das Am\u00e9ricas\u201d;<\/div>\n<div class=\"MsoNormal\" style=\"line-height: 23.54px; margin: 0cm 0cm 10pt; text-align: justify;\">\n<b>Objetivo 10<\/b>&nbsp;\u2013 apoiar a realiza\u00e7\u00e3o do invent\u00e1rio, e encaminhar junto ao IPHAN, o pedido de registro do Alto do Moura como patrim\u00f4nio cultural imaterial brasileiro;<\/div>\n<div class=\"MsoNormal\" style=\"line-height: 23.54px; margin: 0cm 0cm 10pt; text-align: justify;\">\n<b>Objetivo 11<\/b>&nbsp;\u2013 desenvolver o potencial tur\u00edstico e cultural dos lugares s\u00edmbolos de Caruaru, a saber: a Feira de Caruaru, o Centro, o Monte Bom Jesus, o Rio Ipojuca e o Alto do Moura;<\/div>\n<div class=\"MsoNormal\" style=\"line-height: 23.54px; margin: 0cm 0cm 10pt; text-align: justify;\">\n<b>Objetivo 12<\/b>&nbsp;\u2013 ocupar as escolas e os espa\u00e7os p\u00fablicos com atividades culturais e recreativas nos fins de semana e feriados, tais como parques, pra\u00e7as, feiras e ruas;<\/div>\n<div class=\"MsoNormal\" style=\"line-height: 23.54px; margin: 0cm 0cm 10pt; text-align: justify;\">\n<b>Objetivo 13<\/b>&nbsp;\u2013 descentralizar as a\u00e7\u00f5es culturais nos bairros e na zona rural do munic\u00edpio;<\/div>\n<div class=\"MsoNormal\" style=\"line-height: 23.54px; margin: 0cm 0cm 10pt; text-align: justify;\">\n<b>Objetivo 14<\/b>&nbsp;\u2013 criar e promover o calend\u00e1rio anual de eventos oficiais organizados pela Funda\u00e7\u00e3o de Cultura e Turismo de Caruaru \u2013 FCTC;<\/div>\n<div class=\"MsoNormal\" style=\"line-height: 23.54px; margin: 0cm 0cm 10pt; text-align: justify;\">\n<b>Objetivo 15<\/b>&nbsp;\u2013 garantir a acessibilidade de pessoas&nbsp;com defici\u00eancia&nbsp;aos eventos e a\u00e7\u00f5es culturais;<\/div>\n<div class=\"MsoNormal\" style=\"line-height: 23.54px; margin: 0cm 0cm 10pt; text-align: justify;\">\n<b>Objetivo 16<\/b>&nbsp;\u2013 incluir atividades para o p\u00fablico infantil e para a terceira idade na programa\u00e7\u00e3o dos eventos e a\u00e7\u00f5es culturais;<\/div>\n<div class=\"MsoNormal\" style=\"line-height: 23.54px; margin: 0cm 0cm 10pt; text-align: justify;\">\n<b>Objetivo 17<\/b>&nbsp;\u2013 realizar um baile municipal durante o ciclo carnavalesco, bem como valorizar o Carnaval de rua com desfiles de blocos e agremia\u00e7\u00f5es do munic\u00edpio e da regi\u00e3o;<\/div>\n<div class=\"MsoNormal\" style=\"line-height: 23.54px; margin: 0cm 0cm 10pt; text-align: justify;\">\n<b>Objetivo 18<\/b>&nbsp;\u2013 ampliar a sele\u00e7\u00e3o de propostas art\u00edsticas atrav\u00e9s de editais p\u00fablicos para compor a programa\u00e7\u00e3o dos principais festejos do munic\u00edpio;<\/div>\n<div class=\"MsoNormal\" style=\"line-height: 23.54px; margin: 0cm 0cm 10pt; text-align: justify;\">\n<b>Objetivo 19<\/b>&nbsp;\u2013 garantir a participa\u00e7\u00e3o digna e expressiva de artistas caruaruenses nos eventos culturais municipais, al\u00e9m de realizar o pagamento do cach\u00ea em tempo h\u00e1bil;<\/div>\n<div class=\"MsoNormal\" style=\"line-height: 23.54px; margin: 0cm 0cm 10pt; text-align: justify;\">\n<b>Objetivo 20<\/b>&nbsp;\u2013 incentivar a profissionaliza\u00e7\u00e3o da classe art\u00edstica e da cadeia produtiva da cultura, al\u00e9m de fomentar a vis\u00e3o empreendedora entre artistas e produtores culturais;<\/div>\n<div class=\"MsoNormal\" style=\"line-height: 23.54px; margin: 0cm 0cm 10pt; text-align: justify;\">\n<b>Objetivo 21<\/b>&nbsp;\u2013 criar e divulgar uma agenda cultural do munic\u00edpio, de periodicidade mensal, contemplando eventos realizados pela FCTC, pelos artistas e demais produtores culturais;<\/div>\n<div class=\"MsoNormal\" style=\"line-height: 23.54px; margin: 0cm 0cm 10pt; text-align: justify;\">\n<b>Objetivo 22<\/b>&nbsp;\u2013 criar e manter em funcionamento um cineteatro municipal, cujo pr\u00e9dio dever\u00e1 abrigar tamb\u00e9m a sede e os ensaios da Orquestra de P\u00edfanos de Caruaru;<\/div>\n<div class=\"MsoNormal\" style=\"line-height: 23.54px; margin: 0cm 0cm 10pt; text-align: justify;\">\n<b>Objetivo 23<\/b>&nbsp;\u2013 criar e manter em funcionamento uma escola de arte e cultura, contemplando amultidisciplinaridade de&nbsp;pesquisa e ensino das diversas linguagens art\u00edsticas e voca\u00e7\u00f5es culturais do munic\u00edpio;<\/div>\n<div class=\"MsoNormal\" style=\"line-height: 23.54px; margin: 0cm 0cm 10pt; text-align: justify;\">\n<b>Objetivo 24<\/b>&nbsp;\u2013 garantir a implementa\u00e7\u00e3o e a continuidade dos editais p\u00fablicos referentes ao Fundo Municipal de Cultura e ao Registro do Patrim\u00f4nio Vivo de Caruaru;<\/div>\n<div class=\"MsoNormal\" style=\"line-height: 23.54px; margin: 0cm 0cm 10pt; text-align: justify;\">\n<b>Objetivo 25<\/b>&nbsp;\u2013 garantir espa\u00e7o adequado e apoio administrativo para que o Conselho Municipal de Pol\u00edtica Cultural desempenhe suas atividades regulares e exer\u00e7a suas atribui\u00e7\u00f5es legais.<\/div>\n<div class=\"MsoNormal\" style=\"font-family: Calibri, sans-serif; font-size: 11pt; line-height: 23.54px; margin: 0cm 0cm 10pt; text-align: justify;\">\n<\/div>\n<\/div>\n","protected":false},"excerpt":{"rendered":"<p>Na noite desta segunda-feira (08), o Conselho Municipal de Pol\u00edtica Cultural de Caruaru (CMPCC) se reuniu para votar, em reuni\u00e3o&hellip;<\/p>\n","protected":false},"author":1,"featured_media":0,"comment_status":"open","ping_status":"open","sticky":false,"template":"","format":"standard","meta":{"footnotes":""},"categories":[1],"tags":[2,6,972],"class_list":["post-1038","post","type-post","status-publish","format-standard","hentry","category-sem-categoria","tag-blog-do-edvaldo-magalhaes","tag-noticias","tag-plano-municipal-de-cultura-e-discutido-em-caruaru"],"_links":{"self":[{"href":"https:\/\/blogdoedvaldomagalhaes.com.br\/index.php\/wp-json\/wp\/v2\/posts\/1038","targetHints":{"allow":["GET"]}}],"collection":[{"href":"https:\/\/blogdoedvaldomagalhaes.com.br\/index.php\/wp-json\/wp\/v2\/posts"}],"about":[{"href":"https:\/\/blogdoedvaldomagalhaes.com.br\/index.php\/wp-json\/wp\/v2\/types\/post"}],"author":[{"embeddable":true,"href":"https:\/\/blogdoedvaldomagalhaes.com.br\/index.php\/wp-json\/wp\/v2\/users\/1"}],"replies":[{"embeddable":true,"href":"https:\/\/blogdoedvaldomagalhaes.com.br\/index.php\/wp-json\/wp\/v2\/comments?post=1038"}],"version-history":[{"count":1,"href":"https:\/\/blogdoedvaldomagalhaes.com.br\/index.php\/wp-json\/wp\/v2\/posts\/1038\/revisions"}],"predecessor-version":[{"id":34826,"href":"https:\/\/blogdoedvaldomagalhaes.com.br\/index.php\/wp-json\/wp\/v2\/posts\/1038\/revisions\/34826"}],"wp:attachment":[{"href":"https:\/\/blogdoedvaldomagalhaes.com.br\/index.php\/wp-json\/wp\/v2\/media?parent=1038"}],"wp:term":[{"taxonomy":"category","embeddable":true,"href":"https:\/\/blogdoedvaldomagalhaes.com.br\/index.php\/wp-json\/wp\/v2\/categories?post=1038"},{"taxonomy":"post_tag","embeddable":true,"href":"https:\/\/blogdoedvaldomagalhaes.com.br\/index.php\/wp-json\/wp\/v2\/tags?post=1038"}],"curies":[{"name":"wp","href":"https:\/\/api.w.org\/{rel}","templated":true}]}}