{"id":103728,"date":"2023-12-15T14:06:34","date_gmt":"2023-12-15T17:06:34","guid":{"rendered":"https:\/\/blogdoedvaldomagalhaes.com.br\/?p=103728"},"modified":"2023-12-15T14:06:35","modified_gmt":"2023-12-15T17:06:35","slug":"rodrigo-pinheiro-traz-mais-avancos-para-mobilidade-para-os-taxistas-e-motoristas-de-aplicativo-em-caruaru","status":"publish","type":"post","link":"https:\/\/blogdoedvaldomagalhaes.com.br\/index.php\/2023\/12\/15\/rodrigo-pinheiro-traz-mais-avancos-para-mobilidade-para-os-taxistas-e-motoristas-de-aplicativo-em-caruaru\/","title":{"rendered":"Rodrigo Pinheiro traz mais avan\u00e7os para mobilidade, para os taxistas e motoristas de aplicativo em Caruaru"},"content":{"rendered":"<p><span style=\"font-size: revert;\">Nessa quinta-feira (14), o prefeito Rodrigo Pinheiro reuniu a popula\u00e7\u00e3o no audit\u00f3rio da Secretaria de Educa\u00e7\u00e3o (Seduc), para anunciar um pacote de a\u00e7\u00f5es voltadas para a mobilidade urbana. Novos pontos de embarque e desembarque para motoristas de aplicativos e popula\u00e7\u00e3o em geral foram implantados no centro da cidade, al\u00e9m de mais facilidade para os taxistas que atuam no munic\u00edpio, com a libera\u00e7\u00e3o do uso de caminhonetes para desempenhar a atividade.<\/span><\/p>\n<p><strong>T\u00c1XIS<\/strong><\/p>\n<p>Os taxistas de Caruaru ter\u00e3o a oportunidade de utilizar caminhonetes para desempenhar a atividade. O decreto assinado pelo prefeito Rodrigo Pinheiro garante que a categoria possa circular com estes ve\u00edculos, podendo realizar o transporte de cargas de pequeno e m\u00e9dio porte no com\u00e9rcio do munic\u00edpio.<\/p>\n<p><strong>APLICATIVOS<\/strong><\/p>\n<p>Tamb\u00e9m foi anunciado pelo prefeito Rodrigo Pinheiro a implanta\u00e7\u00e3o de novos pontos de embarque e desembarque para que a categoria possa realizar seu trabalho. Os pontos instalados est\u00e3o distribu\u00eddos na rua 15 de novembro, 7 de setembro e na avenida Lourival Jos\u00e9 da Silva. O cidad\u00e3o em geral tamb\u00e9m poder\u00e1 usar estes pontos, para realiza\u00e7\u00e3o da mesma forma.<\/p>\n<p>\u201cN\u00f3s estamos avan\u00e7ando sempre no di\u00e1logo com diversas categorias, com os motoristas de aplicativos e taxistas n\u00e3o \u00e9 diferente. Estamos sempre ouvindo as categorias e buscando forma de atender a todos, para desempenhar suas atividades profissionais da melhor forma tanto para os motoristas, bem como os usu\u00e1rios. Havia uma dificuldade hist\u00f3rica em Caruaru com locais de embarque e desembarque para ve\u00edculos de aplicativo e taxistas, e n\u00f3s estamos conseguindo resolver esses desafios sempre dialogando com todos\u201d, pontuou o prefeito Rodrigo Pinheiro. Foto: Jorge Farias\/Secom<\/p>\n<p><span style=\"font-size: revert;\">Siga o Instagram do Blog @blogdoedvaldomagalhaes<\/span><\/p>\n","protected":false},"excerpt":{"rendered":"<p>Nessa quinta-feira (14), o prefeito Rodrigo Pinheiro reuniu a popula\u00e7\u00e3o no audit\u00f3rio da Secretaria de Educa\u00e7\u00e3o (Seduc), para anunciar um&hellip;<\/p>\n","protected":false},"author":1,"featured_media":103729,"comment_status":"closed","ping_status":"open","sticky":false,"template":"","format":"standard","meta":{"footnotes":""},"categories":[14122],"tags":[28803,2,28801,3406,20295,29347],"class_list":["post-103728","post","type-post","status-publish","format-standard","has-post-thumbnail","hentry","category-politica","tag-blog-com-mais-visualizacoes","tag-blog-do-edvaldo-magalhaes","tag-blog-mais-acessado","tag-caruaru","tag-politica-2","tag-rodrigo-pinheiro-traz-mais-avancos-para-mobilidade-para-os-taxistas-e-motoristas-de-aplicativo-em-caruaru"],"_links":{"self":[{"href":"https:\/\/blogdoedvaldomagalhaes.com.br\/index.php\/wp-json\/wp\/v2\/posts\/103728","targetHints":{"allow":["GET"]}}],"collection":[{"href":"https:\/\/blogdoedvaldomagalhaes.com.br\/index.php\/wp-json\/wp\/v2\/posts"}],"about":[{"href":"https:\/\/blogdoedvaldomagalhaes.com.br\/index.php\/wp-json\/wp\/v2\/types\/post"}],"author":[{"embeddable":true,"href":"https:\/\/blogdoedvaldomagalhaes.com.br\/index.php\/wp-json\/wp\/v2\/users\/1"}],"replies":[{"embeddable":true,"href":"https:\/\/blogdoedvaldomagalhaes.com.br\/index.php\/wp-json\/wp\/v2\/comments?post=103728"}],"version-history":[{"count":1,"href":"https:\/\/blogdoedvaldomagalhaes.com.br\/index.php\/wp-json\/wp\/v2\/posts\/103728\/revisions"}],"predecessor-version":[{"id":103730,"href":"https:\/\/blogdoedvaldomagalhaes.com.br\/index.php\/wp-json\/wp\/v2\/posts\/103728\/revisions\/103730"}],"wp:featuredmedia":[{"embeddable":true,"href":"https:\/\/blogdoedvaldomagalhaes.com.br\/index.php\/wp-json\/wp\/v2\/media\/103729"}],"wp:attachment":[{"href":"https:\/\/blogdoedvaldomagalhaes.com.br\/index.php\/wp-json\/wp\/v2\/media?parent=103728"}],"wp:term":[{"taxonomy":"category","embeddable":true,"href":"https:\/\/blogdoedvaldomagalhaes.com.br\/index.php\/wp-json\/wp\/v2\/categories?post=103728"},{"taxonomy":"post_tag","embeddable":true,"href":"https:\/\/blogdoedvaldomagalhaes.com.br\/index.php\/wp-json\/wp\/v2\/tags?post=103728"}],"curies":[{"name":"wp","href":"https:\/\/api.w.org\/{rel}","templated":true}]}}