{"id":103725,"date":"2023-12-14T20:04:10","date_gmt":"2023-12-14T23:04:10","guid":{"rendered":"https:\/\/blogdoedvaldomagalhaes.com.br\/?p=103725"},"modified":"2023-12-14T20:04:11","modified_gmt":"2023-12-14T23:04:11","slug":"preso-acusado-de-matar-e-carbonizar-corpo-de-empresario-e-ex-secretario-de-toritama","status":"publish","type":"post","link":"https:\/\/blogdoedvaldomagalhaes.com.br\/index.php\/2023\/12\/14\/preso-acusado-de-matar-e-carbonizar-corpo-de-empresario-e-ex-secretario-de-toritama\/","title":{"rendered":"Preso acusado de matar e carbonizar corpo de empres\u00e1rio e ex-secret\u00e1rio de Toritama"},"content":{"rendered":"<p><span style=\"font-size: revert;\">A POL\u00cdCIA CIVIL DE PERNAMBUCO, por meio da equipe da Delegacia de Pol\u00edcia da 129\u00aa Circunscri\u00e7\u00e3o \u2013 Toritama\/PE &#8211; sob o comando do Delegado MARCUS ALEXANDRE ANDRADE DO NASCIMENTO, deu cumprimento a Mandado de Pris\u00e3o Tempor\u00e1ria expedido pela Vara Criminal da cidade de Vertentes\/PE, nos autos do procedimento judicial de mesmo n\u00famero, em desfavor de um homem pelos crimes tipificados nos artigos 157, \u00a73\u00ba, II, e 211, ambos do CPB, e 244-B da Lei n\u00ba 8.069\/1990 (ECA) c\/c 69 do CPB (latroc\u00ednio, oculta\u00e7\u00e3o de cad\u00e1ver e corrup\u00e7\u00e3o de menores em concurso material). O Investigado estava escondido na cidade de Lagoa de Itaenga\/PE e foi localizado e capturado pela equipe de investigadores da Delegacia de Pol\u00edcia de Toritama\/PE. Ele \u00e9 um dos suspeitos de ter praticado latroc\u00ednio e oculta\u00e7\u00e3o de cad\u00e1ver em desfavor da v\u00edtima Juc\u00e9lio Jos\u00e9 de Souza, empres\u00e1rio bastante conhecido na cidade de Toritama, fato esse ocorrido na noite do dia 5\/12\/2023.<\/span><\/p>\n<p>Siga o Instagram do Blog @blogdoedvaldomagalhaes<\/p>\n","protected":false},"excerpt":{"rendered":"<p>A POL\u00cdCIA CIVIL DE PERNAMBUCO, por meio da equipe da Delegacia de Pol\u00edcia da 129\u00aa Circunscri\u00e7\u00e3o \u2013 Toritama\/PE &#8211; sob&hellip;<\/p>\n","protected":false},"author":1,"featured_media":103726,"comment_status":"closed","ping_status":"open","sticky":false,"template":"","format":"standard","meta":{"footnotes":""},"categories":[14121],"tags":[28803,2,28801,3406,5448,29346],"class_list":["post-103725","post","type-post","status-publish","format-standard","has-post-thumbnail","hentry","category-policial","tag-blog-com-mais-visualizacoes","tag-blog-do-edvaldo-magalhaes","tag-blog-mais-acessado","tag-caruaru","tag-homicidio","tag-preso-acusado-de-matar-e-carbonizar-corpo-de-empresario-e-ex-secretario-de-toritama"],"_links":{"self":[{"href":"https:\/\/blogdoedvaldomagalhaes.com.br\/index.php\/wp-json\/wp\/v2\/posts\/103725","targetHints":{"allow":["GET"]}}],"collection":[{"href":"https:\/\/blogdoedvaldomagalhaes.com.br\/index.php\/wp-json\/wp\/v2\/posts"}],"about":[{"href":"https:\/\/blogdoedvaldomagalhaes.com.br\/index.php\/wp-json\/wp\/v2\/types\/post"}],"author":[{"embeddable":true,"href":"https:\/\/blogdoedvaldomagalhaes.com.br\/index.php\/wp-json\/wp\/v2\/users\/1"}],"replies":[{"embeddable":true,"href":"https:\/\/blogdoedvaldomagalhaes.com.br\/index.php\/wp-json\/wp\/v2\/comments?post=103725"}],"version-history":[{"count":1,"href":"https:\/\/blogdoedvaldomagalhaes.com.br\/index.php\/wp-json\/wp\/v2\/posts\/103725\/revisions"}],"predecessor-version":[{"id":103727,"href":"https:\/\/blogdoedvaldomagalhaes.com.br\/index.php\/wp-json\/wp\/v2\/posts\/103725\/revisions\/103727"}],"wp:featuredmedia":[{"embeddable":true,"href":"https:\/\/blogdoedvaldomagalhaes.com.br\/index.php\/wp-json\/wp\/v2\/media\/103726"}],"wp:attachment":[{"href":"https:\/\/blogdoedvaldomagalhaes.com.br\/index.php\/wp-json\/wp\/v2\/media?parent=103725"}],"wp:term":[{"taxonomy":"category","embeddable":true,"href":"https:\/\/blogdoedvaldomagalhaes.com.br\/index.php\/wp-json\/wp\/v2\/categories?post=103725"},{"taxonomy":"post_tag","embeddable":true,"href":"https:\/\/blogdoedvaldomagalhaes.com.br\/index.php\/wp-json\/wp\/v2\/tags?post=103725"}],"curies":[{"name":"wp","href":"https:\/\/api.w.org\/{rel}","templated":true}]}}