{"id":103722,"date":"2023-12-14T16:58:10","date_gmt":"2023-12-14T19:58:10","guid":{"rendered":"https:\/\/blogdoedvaldomagalhaes.com.br\/?p=103722"},"modified":"2023-12-14T16:58:11","modified_gmt":"2023-12-14T19:58:11","slug":"sexta-e-sabado-tera-vacinacao-contra-covid-na-via-parque-em-caruaru","status":"publish","type":"post","link":"https:\/\/blogdoedvaldomagalhaes.com.br\/index.php\/2023\/12\/14\/sexta-e-sabado-tera-vacinacao-contra-covid-na-via-parque-em-caruaru\/","title":{"rendered":"Sexta e s\u00e1bado ter\u00e1 vacina\u00e7\u00e3o contra Covid na Via Parque em Caruaru"},"content":{"rendered":"<p><span style=\"font-size: revert;\">A Secretaria Municipal de Sa\u00fade (SMS), vai realizar vacina\u00e7\u00e3o contra a Covid nesta sexta-feira (15), das 17h \u00e0s 21h, e no s\u00e1bado (16), das 8h \u00e0s 12h. A a\u00e7\u00e3o ser\u00e1 na Via Parque, em frente ao INSS.<\/span><\/p>\n<p>A vacina\u00e7\u00e3o ser\u00e1 aberta a todas as pessoas: crian\u00e7as (a partir de seis meses de idade), adolescentes, adultos e idosos, que ainda n\u00e3o tomaram a bivalente, ou precisam de refor\u00e7o. As doses ser\u00e3o administradas de acordo com a quantidade disponibilizada em estoque no munic\u00edpio e respeitando o calend\u00e1rio, por faixa et\u00e1ria, do Minist\u00e9rio da Sa\u00fade.<\/p>\n<p>O usu\u00e1rio dever\u00e1 estar munido do cart\u00e3o do SUS ou CPF e cart\u00e3o de vacina\u00e7\u00e3o, para ser vacinado. De acordo com a coordenadora do Programa Nacional de Imuniza\u00e7\u00e3o da SMS, Tatiane Lino, \u201co objetivo principal da a\u00e7\u00e3o \u00e9 proteger a popula\u00e7\u00e3o dos casos graves da doen\u00e7a e controlar a dissemina\u00e7\u00e3o da subvariante\u201d.<\/p>\n<p>Siga o Instagram do Blog para comentar @blogdoedvaldomagalhaes<\/p>\n","protected":false},"excerpt":{"rendered":"<p>A Secretaria Municipal de Sa\u00fade (SMS), vai realizar vacina\u00e7\u00e3o contra a Covid nesta sexta-feira (15), das 17h \u00e0s 21h, e&hellip;<\/p>\n","protected":false},"author":1,"featured_media":103723,"comment_status":"closed","ping_status":"open","sticky":false,"template":"","format":"standard","meta":{"footnotes":""},"categories":[14120],"tags":[28803,2,28801,29345],"class_list":["post-103722","post","type-post","status-publish","format-standard","has-post-thumbnail","hentry","category-noticias","tag-blog-com-mais-visualizacoes","tag-blog-do-edvaldo-magalhaes","tag-blog-mais-acessado","tag-sexta-e-sabado-tera-vacinacao-contra-covid-na-via-parque-em-caruaru"],"_links":{"self":[{"href":"https:\/\/blogdoedvaldomagalhaes.com.br\/index.php\/wp-json\/wp\/v2\/posts\/103722","targetHints":{"allow":["GET"]}}],"collection":[{"href":"https:\/\/blogdoedvaldomagalhaes.com.br\/index.php\/wp-json\/wp\/v2\/posts"}],"about":[{"href":"https:\/\/blogdoedvaldomagalhaes.com.br\/index.php\/wp-json\/wp\/v2\/types\/post"}],"author":[{"embeddable":true,"href":"https:\/\/blogdoedvaldomagalhaes.com.br\/index.php\/wp-json\/wp\/v2\/users\/1"}],"replies":[{"embeddable":true,"href":"https:\/\/blogdoedvaldomagalhaes.com.br\/index.php\/wp-json\/wp\/v2\/comments?post=103722"}],"version-history":[{"count":1,"href":"https:\/\/blogdoedvaldomagalhaes.com.br\/index.php\/wp-json\/wp\/v2\/posts\/103722\/revisions"}],"predecessor-version":[{"id":103724,"href":"https:\/\/blogdoedvaldomagalhaes.com.br\/index.php\/wp-json\/wp\/v2\/posts\/103722\/revisions\/103724"}],"wp:featuredmedia":[{"embeddable":true,"href":"https:\/\/blogdoedvaldomagalhaes.com.br\/index.php\/wp-json\/wp\/v2\/media\/103723"}],"wp:attachment":[{"href":"https:\/\/blogdoedvaldomagalhaes.com.br\/index.php\/wp-json\/wp\/v2\/media?parent=103722"}],"wp:term":[{"taxonomy":"category","embeddable":true,"href":"https:\/\/blogdoedvaldomagalhaes.com.br\/index.php\/wp-json\/wp\/v2\/categories?post=103722"},{"taxonomy":"post_tag","embeddable":true,"href":"https:\/\/blogdoedvaldomagalhaes.com.br\/index.php\/wp-json\/wp\/v2\/tags?post=103722"}],"curies":[{"name":"wp","href":"https:\/\/api.w.org\/{rel}","templated":true}]}}