{"id":103719,"date":"2023-12-14T16:46:33","date_gmt":"2023-12-14T19:46:33","guid":{"rendered":"https:\/\/blogdoedvaldomagalhaes.com.br\/?p=103719"},"modified":"2023-12-14T16:46:33","modified_gmt":"2023-12-14T19:46:33","slug":"2a-seresta-natalina-tem-inicio-nesta-quinta-feira-14-confira-a-programacao","status":"publish","type":"post","link":"https:\/\/blogdoedvaldomagalhaes.com.br\/index.php\/2023\/12\/14\/2a-seresta-natalina-tem-inicio-nesta-quinta-feira-14-confira-a-programacao\/","title":{"rendered":"2\u00aa Seresta Natalina tem in\u00edcio nesta quinta-feira (14); Confira a programa\u00e7\u00e3o"},"content":{"rendered":"<p><span style=\"font-size: revert;\">Tem in\u00edcio nesta quinta-feira (14), e segue at\u00e9 o s\u00e1bado (16), a 2\u00aa Seresta Natalina. O evento \u00e9 realizado pela Prefeitura de Caruaru, por meio da Funda\u00e7\u00e3o de Cultura, e espera movimentar R$ 1 milh\u00e3o na economia durante os tr\u00eas dias de evento. Todos os shows ser\u00e3o gratuitos e abertos ao p\u00fablico.<\/span><\/p>\n<p>A 2\u00aa Seresta Natalina ir\u00e1 acontecer na Esta\u00e7\u00e3o Ferrovi\u00e1ria. No ano passado, a primeira edi\u00e7\u00e3o foi um verdadeiro sucesso. Neste ano, a Prefeitura espera atrair cerca de 20 mil pessoas nos tr\u00eas.<\/p>\n<p>*Confira abaixo a programa\u00e7\u00e3o completa:*<\/p>\n<p>Dia 14 &#8211; Noite Gospel (quinta-feira)<br \/>\n20h \u00e0s 22h &#8211; Yonara e Banda<br \/>\n22h \u00e0s 0h &#8211; Jackson Nunes<\/p>\n<p>Dia 15 (sexta-feira)<br \/>\n19h30 \u00e0s 21h &#8211; Os Veteranos<br \/>\n21h30 \u00e0s 23h &#8211; Leonardo Sullivan<br \/>\n23h30 \u00e0s 1h &#8211; Altemar Dutra Jr<\/p>\n<p>Dia 16 (s\u00e1bado)<br \/>\n19h30 \u00e0s 21h &#8211; Cordas Rom\u00e2nticas<br \/>\n21h30 \u00e0s 23h &#8211; Banda Rossi<br \/>\n23h30 \u00e0s 1h &#8211; Yahoo<\/p>\n<p>*Sobre as bandas:*<\/p>\n<p>*Yonara e Banda*<\/p>\n<p>A hist\u00f3ria do grupo come\u00e7ou em 2013 e \u00e9 composto pela m\u00e3e, as filhas e o genro. A banda atua no meio crist\u00e3o, fazendo apresenta\u00e7\u00f5es por todas as igrejas de Caruaru.<\/p>\n<p>*Jackson Nunes*<\/p>\n<p>O cantor caruaruense tem 20 anos de carreira, atua na m\u00fasica gospel, j\u00e1 participou de reality show nacional e de v\u00e1rios festivais.<\/p>\n<p>*Cordas Rom\u00e2nticas*<\/p>\n<p>\u00c9 um grupo musical de seresta de Caruaru e que tem a proposta de manter a ess\u00eancia desse g\u00eanero nos dias atuais, levando a alegria e o sentimento por meio dessas can\u00e7\u00f5es.<\/p>\n<p>*Leonardo Sullivan*<\/p>\n<p>\u00c9 um cantor e compositor de m\u00fasica rom\u00e2ntica.Gravou diversos \u00e1lbuns entre os anos de 1977 e 2016.<\/p>\n<p>*Altemar Dutra J\u00fanior*<\/p>\n<p>Altemar Dutra J\u00fanior \u00e9 um cantor, compositor e int\u00e9rprete brasileiro. Altemar \u00e9 filho de dois cantores brasileiros, Altemar Dutra e Martha Mendon\u00e7a.<\/p>\n<p>*Os Veteranos*<\/p>\n<p>Criada no ano de 2016, enquanto acontecia uma homenagem ao maestro Aurino, a banda conta com v\u00e1rios nomes da m\u00fasica cultural de Caruaru, adotando um repert\u00f3rio de m\u00fasicas dos anos 60.<\/p>\n<p>*Banda Rossi*<\/p>\n<p>Foi criada em 2014, um ano ap\u00f3s a morte do rei Reginado Rossi. A banda, cuja forma\u00e7\u00e3o acompanhou o cantor, conhecido como o<br \/>\nRei do Brega, por toda sua carreira, decidiu se reunir e continuar o legado deixado por ele: levar a bandeira do brega para o mundo.<\/p>\n<p>*Yahoo*<\/p>\n<p>Considerada por muitos como a banda de rock mais rom\u00e2ntica do Brasil, o Yahoo celebra 35 anos de carreira neste ano com um show especial, cheio de hits que fazem sucesso h\u00e1 mais de tr\u00eas d\u00e9cadas.<\/p>\n<p>Siga o Instagram do Blog @blogdoedvaldomagalhaes<\/p>\n","protected":false},"excerpt":{"rendered":"<p>Tem in\u00edcio nesta quinta-feira (14), e segue at\u00e9 o s\u00e1bado (16), a 2\u00aa Seresta Natalina. O evento \u00e9 realizado pela&hellip;<\/p>\n","protected":false},"author":1,"featured_media":103720,"comment_status":"closed","ping_status":"open","sticky":false,"template":"","format":"standard","meta":{"footnotes":""},"categories":[14120],"tags":[28803,2,28801,3406],"class_list":["post-103719","post","type-post","status-publish","format-standard","has-post-thumbnail","hentry","category-noticias","tag-blog-com-mais-visualizacoes","tag-blog-do-edvaldo-magalhaes","tag-blog-mais-acessado","tag-caruaru"],"_links":{"self":[{"href":"https:\/\/blogdoedvaldomagalhaes.com.br\/index.php\/wp-json\/wp\/v2\/posts\/103719","targetHints":{"allow":["GET"]}}],"collection":[{"href":"https:\/\/blogdoedvaldomagalhaes.com.br\/index.php\/wp-json\/wp\/v2\/posts"}],"about":[{"href":"https:\/\/blogdoedvaldomagalhaes.com.br\/index.php\/wp-json\/wp\/v2\/types\/post"}],"author":[{"embeddable":true,"href":"https:\/\/blogdoedvaldomagalhaes.com.br\/index.php\/wp-json\/wp\/v2\/users\/1"}],"replies":[{"embeddable":true,"href":"https:\/\/blogdoedvaldomagalhaes.com.br\/index.php\/wp-json\/wp\/v2\/comments?post=103719"}],"version-history":[{"count":1,"href":"https:\/\/blogdoedvaldomagalhaes.com.br\/index.php\/wp-json\/wp\/v2\/posts\/103719\/revisions"}],"predecessor-version":[{"id":103721,"href":"https:\/\/blogdoedvaldomagalhaes.com.br\/index.php\/wp-json\/wp\/v2\/posts\/103719\/revisions\/103721"}],"wp:featuredmedia":[{"embeddable":true,"href":"https:\/\/blogdoedvaldomagalhaes.com.br\/index.php\/wp-json\/wp\/v2\/media\/103720"}],"wp:attachment":[{"href":"https:\/\/blogdoedvaldomagalhaes.com.br\/index.php\/wp-json\/wp\/v2\/media?parent=103719"}],"wp:term":[{"taxonomy":"category","embeddable":true,"href":"https:\/\/blogdoedvaldomagalhaes.com.br\/index.php\/wp-json\/wp\/v2\/categories?post=103719"},{"taxonomy":"post_tag","embeddable":true,"href":"https:\/\/blogdoedvaldomagalhaes.com.br\/index.php\/wp-json\/wp\/v2\/tags?post=103719"}],"curies":[{"name":"wp","href":"https:\/\/api.w.org\/{rel}","templated":true}]}}