{"id":103716,"date":"2023-12-14T16:18:28","date_gmt":"2023-12-14T19:18:28","guid":{"rendered":"https:\/\/blogdoedvaldomagalhaes.com.br\/?p=103716"},"modified":"2023-12-14T16:18:28","modified_gmt":"2023-12-14T19:18:28","slug":"conselho-gestor-do-hra-e-empossado-nesta-quinta-feira-14","status":"publish","type":"post","link":"https:\/\/blogdoedvaldomagalhaes.com.br\/index.php\/2023\/12\/14\/conselho-gestor-do-hra-e-empossado-nesta-quinta-feira-14\/","title":{"rendered":"Conselho Gestor do HRA \u00e9 empossado nesta quinta-feira (14)"},"content":{"rendered":"<p><span style=\"font-size: revert;\">Tomaram posse, nesta quinta (14), os onze membros do Conselho Gestor do Hospital Regional do Agreste (HRA). Respons\u00e1vel por assegurar a participa\u00e7\u00e3o popular na gest\u00e3o dos servi\u00e7os de sa\u00fade, o conselho foi formado a partir de vota\u00e7\u00e3o e \u00e9 composto por tr\u00eas segmentos: usu\u00e1rios, trabalhadores e gestores da unidade.<\/span><\/p>\n<p>Participaram da cerim\u00f4nia de posse a diretora-geral do HRA, Guacyra Pires, o diretor m\u00e9dico da unidade, Frank Lima, e as representantes do Conselho Estadual de Sa\u00fade (CES), F\u00e1bia Cristina e Maria de F\u00e1tima.<\/p>\n<p>\u201cEsse \u00e9 um momento muito importante para que as melhorias de fato aconte\u00e7am na nossa unidade e para que haja legitimidade das a\u00e7\u00f5es pensadas para uma melhor assist\u00eancia e um melhor servi\u00e7o prestado\u201d, apontou Guacyra.<\/p>\n<p>O Conselho Gestor de Sa\u00fade \u00e9 um \u00f3rg\u00e3o colegiado composto por representantes eleitos, deliberativo e permanente com composi\u00e7\u00e3o, organiza\u00e7\u00e3o e atribui\u00e7\u00f5es definidas em lei. O tempo de vig\u00eancia \u00e9 de dois anos.<\/p>\n<p>\u201cO trabalho do conselheiro \u00e9 extremamente relevante, mas deve ser feito em conjunto, nunca individualmente. Conselheiros, gestores, trabalhadores e usu\u00e1rios caminham juntos para trazer melhorias para a unidade\u201d, explicou F\u00e1bia Cristina, membro do CES.<\/p>\n<p>Ap\u00f3s reuni\u00e3o, ser\u00e3o decididos presidente e vice-presidente do conselho e das suas comiss\u00f5es. Segue abaixo a lista de membros eleitos para a vig\u00eancia 2024-2025 do conselho.<\/p>\n<p>*Segmento Gest\u00e3o:*<br \/>\nRodrigo Bezerra Pires<br \/>\nRutheale Alves Bezerra<br \/>\nEriv\u00e2nia Santos Teixeira da Silva<\/p>\n<p>Suplentes:<br \/>\nHelbert Pereira Matias<br \/>\nAdilza Maria Bezerra<br \/>\nAdriana de Lucena Ara\u00fajo Melo<\/p>\n<p>*Segmento Trabalhadores:*<br \/>\nGidelson Gabriel Gomes<br \/>\nFrancisca Aparecida Pontes<br \/>\nJanekalle Barbosa de Lima<\/p>\n<p>Suplentes:<br \/>\nCarlos Roberto Pereira<br \/>\nJana\u00edna Matias da Silva<br \/>\nTallyta Hosanne Ferreira Silva<\/p>\n<p>*Segmento Usu\u00e1rios:*<br \/>\nAssocia\u00e7\u00e3o dos Moradores e Pequenos Produtores do S\u00edtio Serra Velha: Rom\u00e1rio dos Santos Silva<br \/>\nAssocia\u00e7\u00e3o dos Moradores e Agricultores Rurais de Riacho Doce: Wallyson Oliveira da Costa<br \/>\nLoja Ma\u00e7\u00f4nica Dever e Humanidade: Itamar Souza de Oliveira<br \/>\nOrdem dos Advogados do Brasil<br \/>\nPastoral da Crian\u00e7a: Jos\u00e9 Jer\u00f4nimo Elias<br \/>\nUni\u00e3o Beneficente dos Artistas e Profissionais de Caruaru: Elis\u00e2ngela Maria de Souza<\/p>\n<p>Suplentes:<br \/>\nCintia Raiane da Silva Santos<br \/>\nMaria Severina do Nascimento<br \/>\nElpidio Freitas de Almeida Junior<br \/>\nWilka Moura de Souza Brand\u00e3o<br \/>\nPedro Salvador da Rocha<\/p>\n<p>Foto: Ascom\/HRA.<\/p>\n<p>Siga o Instagram do Blog para comentar @blogdoedvaldomagalhaes<\/p>\n","protected":false},"excerpt":{"rendered":"<p>Tomaram posse, nesta quinta (14), os onze membros do Conselho Gestor do Hospital Regional do Agreste (HRA). Respons\u00e1vel por assegurar&hellip;<\/p>\n","protected":false},"author":1,"featured_media":103717,"comment_status":"closed","ping_status":"open","sticky":false,"template":"","format":"standard","meta":{"footnotes":""},"categories":[14120],"tags":[2,28801,3406,29344],"class_list":["post-103716","post","type-post","status-publish","format-standard","has-post-thumbnail","hentry","category-noticias","tag-blog-do-edvaldo-magalhaes","tag-blog-mais-acessado","tag-caruaru","tag-conselho-gestor-do-hra-e-empossado-nesta-quinta-feira-14"],"_links":{"self":[{"href":"https:\/\/blogdoedvaldomagalhaes.com.br\/index.php\/wp-json\/wp\/v2\/posts\/103716","targetHints":{"allow":["GET"]}}],"collection":[{"href":"https:\/\/blogdoedvaldomagalhaes.com.br\/index.php\/wp-json\/wp\/v2\/posts"}],"about":[{"href":"https:\/\/blogdoedvaldomagalhaes.com.br\/index.php\/wp-json\/wp\/v2\/types\/post"}],"author":[{"embeddable":true,"href":"https:\/\/blogdoedvaldomagalhaes.com.br\/index.php\/wp-json\/wp\/v2\/users\/1"}],"replies":[{"embeddable":true,"href":"https:\/\/blogdoedvaldomagalhaes.com.br\/index.php\/wp-json\/wp\/v2\/comments?post=103716"}],"version-history":[{"count":1,"href":"https:\/\/blogdoedvaldomagalhaes.com.br\/index.php\/wp-json\/wp\/v2\/posts\/103716\/revisions"}],"predecessor-version":[{"id":103718,"href":"https:\/\/blogdoedvaldomagalhaes.com.br\/index.php\/wp-json\/wp\/v2\/posts\/103716\/revisions\/103718"}],"wp:featuredmedia":[{"embeddable":true,"href":"https:\/\/blogdoedvaldomagalhaes.com.br\/index.php\/wp-json\/wp\/v2\/media\/103717"}],"wp:attachment":[{"href":"https:\/\/blogdoedvaldomagalhaes.com.br\/index.php\/wp-json\/wp\/v2\/media?parent=103716"}],"wp:term":[{"taxonomy":"category","embeddable":true,"href":"https:\/\/blogdoedvaldomagalhaes.com.br\/index.php\/wp-json\/wp\/v2\/categories?post=103716"},{"taxonomy":"post_tag","embeddable":true,"href":"https:\/\/blogdoedvaldomagalhaes.com.br\/index.php\/wp-json\/wp\/v2\/tags?post=103716"}],"curies":[{"name":"wp","href":"https:\/\/api.w.org\/{rel}","templated":true}]}}