{"id":103713,"date":"2023-12-14T15:24:24","date_gmt":"2023-12-14T18:24:24","guid":{"rendered":"https:\/\/blogdoedvaldomagalhaes.com.br\/?p=103713"},"modified":"2023-12-14T16:08:39","modified_gmt":"2023-12-14T19:08:39","slug":"rodrigo-pinheiro-garante-gratuidade-para-estudantes-de-15-a-59-anos-e-para-idosos-com-mais-de-60-anos-no-transporte-publico-de-caruaru","status":"publish","type":"post","link":"https:\/\/blogdoedvaldomagalhaes.com.br\/index.php\/2023\/12\/14\/rodrigo-pinheiro-garante-gratuidade-para-estudantes-de-15-a-59-anos-e-para-idosos-com-mais-de-60-anos-no-transporte-publico-de-caruaru\/","title":{"rendered":"Rodrigo Pinheiro garante gratuidade para estudantes de 15 a 59 anos e para idosos com mais de 60 anos no transporte p\u00fablico de Caruaru"},"content":{"rendered":"<p><span style=\"font-size: revert;\">O Prefeito de Caruaru, Rodrigo Pinheiro, anunciou, na manh\u00e3 desta quinta-feira (14), o \u201cJovem +\u201d, programa que garante passe livre para estudantes de 15 a 59 anos, que moram munic\u00edpio. Al\u00e9m disso, o programa que garante a regulamenta\u00e7\u00e3o para manter a gratuidade na tarifa de \u00f4nibus para idosos de 60 anos ou mais.<\/span><\/p>\n<p>Para os estudantes, o cadastro vai seguir algumas regras, como a renda familiar, cadastro no Bolsa Fam\u00edlia, al\u00e9m de ter frequ\u00eancia regular e que n\u00e3o seja atendido pelo Programa Municipal de Transporte Escolar ou outro beneficio da mesma natureza.<\/p>\n<p>Para os idosos que j\u00e1 possuem o cart\u00e3o de passagem LEVA, o servi\u00e7o continuar\u00e1 funcionando normalmente. Para novos cadastros, os idosos devem procurar os pontos de recarga do LEVA.<\/p>\n<p>\u201cCaruaru \u00e9 o primeiro munic\u00edpio do Brasil a garantir a gratuidade da tarifa de \u00f4nibus para idosos e a primeira cidade do estado a enviar um projeto de lei para beneficiar estudantes da rede p\u00fablica e privada com o passe livre. Estamos garantindo a mobilidade social no nosso munic\u00edpio, \u00e9 a gente avan\u00e7ando cada vez mais em prol do nosso povo\u201d, afirmou o prefeito de Caruaru, Rodrigo Pinheiro.<\/p>\n<p>O an\u00fancio foi feito em um evento no qual foram apresentadas propostas do Poder Executivo. Os dois projetos devem ser votados na semana que vem pelo Poder Legislativo. Foto: Secom<\/p>\n<p>Siga o Instagram do Blog para comentar @blogdoedvaldomagalhaes<\/p>\n","protected":false},"excerpt":{"rendered":"<p>O Prefeito de Caruaru, Rodrigo Pinheiro, anunciou, na manh\u00e3 desta quinta-feira (14), o \u201cJovem +\u201d, programa que garante passe livre&hellip;<\/p>\n","protected":false},"author":1,"featured_media":103714,"comment_status":"closed","ping_status":"open","sticky":false,"template":"","format":"standard","meta":{"footnotes":""},"categories":[14120],"tags":[28803,2,28801,3406,29343],"class_list":["post-103713","post","type-post","status-publish","format-standard","has-post-thumbnail","hentry","category-noticias","tag-blog-com-mais-visualizacoes","tag-blog-do-edvaldo-magalhaes","tag-blog-mais-acessado","tag-caruaru","tag-rodrigo-pinheiro-garante-gratuidade-para-estudantes-de-15-a-59-anos-e-para-idosos-com-mais-de-60-anos-no-transporte-publico-de-caruaru"],"_links":{"self":[{"href":"https:\/\/blogdoedvaldomagalhaes.com.br\/index.php\/wp-json\/wp\/v2\/posts\/103713","targetHints":{"allow":["GET"]}}],"collection":[{"href":"https:\/\/blogdoedvaldomagalhaes.com.br\/index.php\/wp-json\/wp\/v2\/posts"}],"about":[{"href":"https:\/\/blogdoedvaldomagalhaes.com.br\/index.php\/wp-json\/wp\/v2\/types\/post"}],"author":[{"embeddable":true,"href":"https:\/\/blogdoedvaldomagalhaes.com.br\/index.php\/wp-json\/wp\/v2\/users\/1"}],"replies":[{"embeddable":true,"href":"https:\/\/blogdoedvaldomagalhaes.com.br\/index.php\/wp-json\/wp\/v2\/comments?post=103713"}],"version-history":[{"count":1,"href":"https:\/\/blogdoedvaldomagalhaes.com.br\/index.php\/wp-json\/wp\/v2\/posts\/103713\/revisions"}],"predecessor-version":[{"id":103715,"href":"https:\/\/blogdoedvaldomagalhaes.com.br\/index.php\/wp-json\/wp\/v2\/posts\/103713\/revisions\/103715"}],"wp:featuredmedia":[{"embeddable":true,"href":"https:\/\/blogdoedvaldomagalhaes.com.br\/index.php\/wp-json\/wp\/v2\/media\/103714"}],"wp:attachment":[{"href":"https:\/\/blogdoedvaldomagalhaes.com.br\/index.php\/wp-json\/wp\/v2\/media?parent=103713"}],"wp:term":[{"taxonomy":"category","embeddable":true,"href":"https:\/\/blogdoedvaldomagalhaes.com.br\/index.php\/wp-json\/wp\/v2\/categories?post=103713"},{"taxonomy":"post_tag","embeddable":true,"href":"https:\/\/blogdoedvaldomagalhaes.com.br\/index.php\/wp-json\/wp\/v2\/tags?post=103713"}],"curies":[{"name":"wp","href":"https:\/\/api.w.org\/{rel}","templated":true}]}}