{"id":103711,"date":"2023-12-14T15:00:38","date_gmt":"2023-12-14T18:00:38","guid":{"rendered":"https:\/\/blogdoedvaldomagalhaes.com.br\/?p=103711"},"modified":"2023-12-14T15:00:39","modified_gmt":"2023-12-14T18:00:39","slug":"vereador-jorge-quintino-propoe-isencao-tarifaria-para-idosos-de-60-a-64-anos-e-recebe-apoio-do-prefeito-de-caruaru","status":"publish","type":"post","link":"https:\/\/blogdoedvaldomagalhaes.com.br\/index.php\/2023\/12\/14\/vereador-jorge-quintino-propoe-isencao-tarifaria-para-idosos-de-60-a-64-anos-e-recebe-apoio-do-prefeito-de-caruaru\/","title":{"rendered":"Vereador Jorge Quintino Prop\u00f5e Isen\u00e7\u00e3o Tarif\u00e1ria para Idosos de 60 a 64 anos, e Recebe Apoio do Prefeito de Caruaru"},"content":{"rendered":"<p><span style=\"font-size: revert;\">Em um gesto significativo em prol da comunidade idosa, o vereador Jorge Quintino apresentou um requerimento solicitando a isen\u00e7\u00e3o de tarifas para indiv\u00edduos entre 60 e 64 anos. Em resposta, o prefeito de Caruaru expressou firmemente sua inten\u00e7\u00e3o de manter a tarifa de isen\u00e7\u00e3o, refor\u00e7ando o compromisso do governo municipal com a equidade e o bem-estar dos cidad\u00e3os.<\/span><\/p>\n<p>O prefeito de Caruaru, Rodrigo Pinheiro (PSDB), pretende manter a gratuidade da tarifa de \u00f4nibus para idosos de 60 a 64 anos, na Capital do Agreste. H\u00e1 pouco mais de dois meses, quando o Tribunal de Justi\u00e7a de Pernambuco (TJPE) decidiu atender a uma a\u00e7\u00e3o do Sindicato das Empresas de Transportes de Passageiros no Estado de Pernambuco, que questionava a lei municipal criada pela C\u00e2mara Municipal, que regulamentava a gratuidade a partir de 60 anos. O di\u00e1logo construtivo entre o Legislativo e o Executivo destaca a import\u00e2ncia de abordagens colaborativas na formula\u00e7\u00e3o de pol\u00edticas p\u00fablicas. A medida proposta pelo vereador Quintino visa manter a pr\u00e1tica que beneficiava uma parcela da popula\u00e7\u00e3o que muitas vezes enfrenta desafios econ\u00f4micos e sociais.<\/p>\n<p>O prefeito enfatizou que a manuten\u00e7\u00e3o da isen\u00e7\u00e3o tarif\u00e1ria reflete n\u00e3o apenas uma pol\u00edtica inclusiva, mas tamb\u00e9m um reconhecimento do papel vital desempenhado pelos idosos na comunidade. Essa iniciativa visa facilitar o acesso aos servi\u00e7os p\u00fablicos, promovendo a mobilidade e a participa\u00e7\u00e3o ativa desses cidad\u00e3os na vida da cidade. Al\u00e9m disso, o compromisso da administra\u00e7\u00e3o municipal com a qualidade de vida da popula\u00e7\u00e3o idosa se alinha com princ\u00edpios de justi\u00e7a social e solidariedade. O prefeito afirmou que a decis\u00e3o \u00e9 respaldada por uma an\u00e1lise cuidadosa do impacto financeiro, visando equilibrar a necessidade de recursos p\u00fablicos com o compromisso de oferecer servi\u00e7os acess\u00edveis. O vereador Jorge Quintino elogiou a r\u00e1pida resposta da administra\u00e7\u00e3o \u00e0 sua proposta e destacou a import\u00e2ncia de a\u00e7\u00f5es concretas que reflitam as necessidades da comunidade. O di\u00e1logo cont\u00ednuo entre o Legislativo e o Executivo \u00e9 fundamental para o desenvolvimento de pol\u00edticas que atendam aos anseios da popula\u00e7\u00e3o.<\/p>\n<p>Em \u00faltima an\u00e1lise, essa iniciativa destaca a sensibilidade do governo municipal para com as quest\u00f5es dos idosos e refor\u00e7a o compromisso com a constru\u00e7\u00e3o de uma cidade mais inclusiva e equitativa. O apoio \u00e0 isen\u00e7\u00e3o tarif\u00e1ria para idosos entre 60 e 64 anos \u00e9 um passo significativo em dire\u00e7\u00e3o a uma comunidade mais solid\u00e1ria e voltada para o bem-estar de todos. Foto: Divulga\u00e7\u00e3o<\/p>\n<p>Siga o Instagram do Blog para comentar @blogdoedvaldomagalhaes<\/p>\n","protected":false},"excerpt":{"rendered":"<p>Em um gesto significativo em prol da comunidade idosa, o vereador Jorge Quintino apresentou um requerimento solicitando a isen\u00e7\u00e3o de&hellip;<\/p>\n","protected":false},"author":1,"featured_media":100057,"comment_status":"closed","ping_status":"open","sticky":false,"template":"","format":"standard","meta":{"footnotes":""},"categories":[14122],"tags":[28803,2,28801,3406,9899,20295],"class_list":["post-103711","post","type-post","status-publish","format-standard","has-post-thumbnail","hentry","category-politica","tag-blog-com-mais-visualizacoes","tag-blog-do-edvaldo-magalhaes","tag-blog-mais-acessado","tag-caruaru","tag-jorge-quintino","tag-politica-2"],"_links":{"self":[{"href":"https:\/\/blogdoedvaldomagalhaes.com.br\/index.php\/wp-json\/wp\/v2\/posts\/103711","targetHints":{"allow":["GET"]}}],"collection":[{"href":"https:\/\/blogdoedvaldomagalhaes.com.br\/index.php\/wp-json\/wp\/v2\/posts"}],"about":[{"href":"https:\/\/blogdoedvaldomagalhaes.com.br\/index.php\/wp-json\/wp\/v2\/types\/post"}],"author":[{"embeddable":true,"href":"https:\/\/blogdoedvaldomagalhaes.com.br\/index.php\/wp-json\/wp\/v2\/users\/1"}],"replies":[{"embeddable":true,"href":"https:\/\/blogdoedvaldomagalhaes.com.br\/index.php\/wp-json\/wp\/v2\/comments?post=103711"}],"version-history":[{"count":1,"href":"https:\/\/blogdoedvaldomagalhaes.com.br\/index.php\/wp-json\/wp\/v2\/posts\/103711\/revisions"}],"predecessor-version":[{"id":103712,"href":"https:\/\/blogdoedvaldomagalhaes.com.br\/index.php\/wp-json\/wp\/v2\/posts\/103711\/revisions\/103712"}],"wp:featuredmedia":[{"embeddable":true,"href":"https:\/\/blogdoedvaldomagalhaes.com.br\/index.php\/wp-json\/wp\/v2\/media\/100057"}],"wp:attachment":[{"href":"https:\/\/blogdoedvaldomagalhaes.com.br\/index.php\/wp-json\/wp\/v2\/media?parent=103711"}],"wp:term":[{"taxonomy":"category","embeddable":true,"href":"https:\/\/blogdoedvaldomagalhaes.com.br\/index.php\/wp-json\/wp\/v2\/categories?post=103711"},{"taxonomy":"post_tag","embeddable":true,"href":"https:\/\/blogdoedvaldomagalhaes.com.br\/index.php\/wp-json\/wp\/v2\/tags?post=103711"}],"curies":[{"name":"wp","href":"https:\/\/api.w.org\/{rel}","templated":true}]}}