{"id":103703,"date":"2023-12-14T14:46:45","date_gmt":"2023-12-14T17:46:45","guid":{"rendered":"https:\/\/blogdoedvaldomagalhaes.com.br\/?p=103703"},"modified":"2023-12-14T14:48:37","modified_gmt":"2023-12-14T17:48:37","slug":"vereador-cabo-cardoso-e-atendido-pelo-prefeito-com-a-implantacao-das-grades-de-protecao-da-ponte-do-riacho-dos-mocos","status":"publish","type":"post","link":"https:\/\/blogdoedvaldomagalhaes.com.br\/index.php\/2023\/12\/14\/vereador-cabo-cardoso-e-atendido-pelo-prefeito-com-a-implantacao-das-grades-de-protecao-da-ponte-do-riacho-dos-mocos\/","title":{"rendered":"Vereador Cabo Cardoso \u00e9 atendido pelo prefeito com a implanta\u00e7\u00e3o das grades de prote\u00e7\u00e3o da ponte do Riacho dos Moc\u00f3s"},"content":{"rendered":"<p>O vereador Cabo Cardoso agradece ao prefeito Rodrigo Pinheiro por mais um requerimento atendimento, dessa o vereador solicitou a implanta\u00e7\u00e3o das grades de prote\u00e7\u00e3o da ponte do riacho dos moc\u00f3s, uma local muito perigoso onde as pessoas se arriscavam ao passar pelo local sem prote\u00e7\u00e3o alguma e devido a interven\u00e7\u00e3o do parlamentar agora, o povo poder\u00e1 transitar sem riscos de acidentes vindo a cair no riacho dos moc\u00f3s.<img loading=\"lazy\" decoding=\"async\" src=\"https:\/\/blogdoedvaldomagalhaes.com.br\/wp-content\/uploads\/2023\/12\/b280612c-38a3-4def-9c95-df4d63759951-scaled.jpg\" class=\"size-full wp-image-103706\" width=\"1440\" height=\"2560\" srcset=\"https:\/\/blogdoedvaldomagalhaes.com.br\/wp-content\/uploads\/2023\/12\/b280612c-38a3-4def-9c95-df4d63759951-scaled.jpg 1440w, https:\/\/blogdoedvaldomagalhaes.com.br\/wp-content\/uploads\/2023\/12\/b280612c-38a3-4def-9c95-df4d63759951-169x300.jpg 169w, https:\/\/blogdoedvaldomagalhaes.com.br\/wp-content\/uploads\/2023\/12\/b280612c-38a3-4def-9c95-df4d63759951-576x1024.jpg 576w, https:\/\/blogdoedvaldomagalhaes.com.br\/wp-content\/uploads\/2023\/12\/b280612c-38a3-4def-9c95-df4d63759951-768x1365.jpg 768w, https:\/\/blogdoedvaldomagalhaes.com.br\/wp-content\/uploads\/2023\/12\/b280612c-38a3-4def-9c95-df4d63759951-864x1536.jpg 864w, https:\/\/blogdoedvaldomagalhaes.com.br\/wp-content\/uploads\/2023\/12\/b280612c-38a3-4def-9c95-df4d63759951-1152x2048.jpg 1152w\" sizes=\"auto, (max-width: 1440px) 100vw, 1440px\" \/><\/p>\n","protected":false},"excerpt":{"rendered":"<p>O vereador Cabo Cardoso agradece ao prefeito Rodrigo Pinheiro por mais um requerimento atendimento, dessa o vereador solicitou a implanta\u00e7\u00e3o&hellip;<\/p>\n","protected":false},"author":1,"featured_media":103704,"comment_status":"closed","ping_status":"open","sticky":false,"template":"","format":"standard","meta":{"footnotes":""},"categories":[1],"tags":[],"class_list":["post-103703","post","type-post","status-publish","format-standard","has-post-thumbnail","hentry","category-sem-categoria"],"_links":{"self":[{"href":"https:\/\/blogdoedvaldomagalhaes.com.br\/index.php\/wp-json\/wp\/v2\/posts\/103703","targetHints":{"allow":["GET"]}}],"collection":[{"href":"https:\/\/blogdoedvaldomagalhaes.com.br\/index.php\/wp-json\/wp\/v2\/posts"}],"about":[{"href":"https:\/\/blogdoedvaldomagalhaes.com.br\/index.php\/wp-json\/wp\/v2\/types\/post"}],"author":[{"embeddable":true,"href":"https:\/\/blogdoedvaldomagalhaes.com.br\/index.php\/wp-json\/wp\/v2\/users\/1"}],"replies":[{"embeddable":true,"href":"https:\/\/blogdoedvaldomagalhaes.com.br\/index.php\/wp-json\/wp\/v2\/comments?post=103703"}],"version-history":[{"count":2,"href":"https:\/\/blogdoedvaldomagalhaes.com.br\/index.php\/wp-json\/wp\/v2\/posts\/103703\/revisions"}],"predecessor-version":[{"id":103707,"href":"https:\/\/blogdoedvaldomagalhaes.com.br\/index.php\/wp-json\/wp\/v2\/posts\/103703\/revisions\/103707"}],"wp:featuredmedia":[{"embeddable":true,"href":"https:\/\/blogdoedvaldomagalhaes.com.br\/index.php\/wp-json\/wp\/v2\/media\/103704"}],"wp:attachment":[{"href":"https:\/\/blogdoedvaldomagalhaes.com.br\/index.php\/wp-json\/wp\/v2\/media?parent=103703"}],"wp:term":[{"taxonomy":"category","embeddable":true,"href":"https:\/\/blogdoedvaldomagalhaes.com.br\/index.php\/wp-json\/wp\/v2\/categories?post=103703"},{"taxonomy":"post_tag","embeddable":true,"href":"https:\/\/blogdoedvaldomagalhaes.com.br\/index.php\/wp-json\/wp\/v2\/tags?post=103703"}],"curies":[{"name":"wp","href":"https:\/\/api.w.org\/{rel}","templated":true}]}}