{"id":103700,"date":"2023-12-14T13:27:09","date_gmt":"2023-12-14T16:27:09","guid":{"rendered":"https:\/\/blogdoedvaldomagalhaes.com.br\/?p=103700"},"modified":"2023-12-14T13:27:10","modified_gmt":"2023-12-14T16:27:10","slug":"anderson-correia-comemora-envio-do-seu-anteprojeto-a-camara-que-garante-gratuidade-para-idosos-no-transporte-publico","status":"publish","type":"post","link":"https:\/\/blogdoedvaldomagalhaes.com.br\/index.php\/2023\/12\/14\/anderson-correia-comemora-envio-do-seu-anteprojeto-a-camara-que-garante-gratuidade-para-idosos-no-transporte-publico\/","title":{"rendered":"Anderson Correia comemora envio do seu anteprojeto \u00e0 C\u00e2mara, que garante gratuidade para idosos no transporte p\u00fablico"},"content":{"rendered":"<p><span style=\"font-size: revert;\">O vereador Anderson Correia (PP) comemora, nesta quinta-feira (14), mais uma conquista por meio do seu mandato em prol da popula\u00e7\u00e3o caruaruense. Desta vez, o parlamentar festeja a aprova\u00e7\u00e3o e envio \u00e0 C\u00e2mara Municipal do seu anteprojeto de lei (Requerimento n\u00ba 2733 de 2023), solicitando a cria\u00e7\u00e3o do programa \u201cPasse Gratid\u00e3o\u201d, que garante a gratuidade no transporte p\u00fablico coletivo para idosos acima dos 60 anos.<\/span><\/p>\n<p>Conforme a proposi\u00e7\u00e3o, esse anteprojeto de Lei tem por finalidade dar continuidade ao benef\u00edcio que os idosos entre 60 e 64 anos t\u00eam acerca da gratuidade no transporte p\u00fablico em Caruaru, mas que o Tribunal de Justi\u00e7a de Pernambuco (TJPE) declarou, por maioria, inconstitucional. A proposta visa garantir a locomo\u00e7\u00e3o dos idosos acima de 60 anos, ou seja, garantido o direito de ir e vir dessas pessoas. Isso faz com que elas se mantenham integradas \u00e0 sociedade. Este benef\u00edcio consagra a ideia de ampliar o valor do princ\u00edpio da dignidade da pessoa humana.<\/p>\n<p>\u201cEssa not\u00edcia \u00e9 como um grande presente para fechar o ano com chave de ouro. A aprecia\u00e7\u00e3o do nosso anteprojeto de lei em prol dos idosos entre 60 e 64 anos de Caruaru me deixa muito feliz, pois era um pedido constante ao meu gabinete e em todos os lugares que eu visitasse na cidade, por parte dos idosos, para que continuassem a ter o benef\u00edcio, que \u00e9 um direito deles. Minha gratid\u00e3o ao prefeito Rodrigo Pinheiro, pela sensibilidade em atender nossa solicita\u00e7\u00e3o. Vamos seguir firmes, pleiteando a luta do povo de Caruaru tamb\u00e9m em 2024\u201d, destacou Anderson.<\/p>\n<p>Foto: Divulga\u00e7\u00e3o<\/p>\n<p>Siga o Instagram do Blog para comentar @blogdoedvaldomagalhaes<\/p>\n","protected":false},"excerpt":{"rendered":"<p>O vereador Anderson Correia (PP) comemora, nesta quinta-feira (14), mais uma conquista por meio do seu mandato em prol da&hellip;<\/p>\n","protected":false},"author":1,"featured_media":103701,"comment_status":"closed","ping_status":"open","sticky":false,"template":"","format":"standard","meta":{"footnotes":""},"categories":[14122],"tags":[2,28801,3406,20],"class_list":["post-103700","post","type-post","status-publish","format-standard","has-post-thumbnail","hentry","category-politica","tag-blog-do-edvaldo-magalhaes","tag-blog-mais-acessado","tag-caruaru","tag-politica"],"_links":{"self":[{"href":"https:\/\/blogdoedvaldomagalhaes.com.br\/index.php\/wp-json\/wp\/v2\/posts\/103700","targetHints":{"allow":["GET"]}}],"collection":[{"href":"https:\/\/blogdoedvaldomagalhaes.com.br\/index.php\/wp-json\/wp\/v2\/posts"}],"about":[{"href":"https:\/\/blogdoedvaldomagalhaes.com.br\/index.php\/wp-json\/wp\/v2\/types\/post"}],"author":[{"embeddable":true,"href":"https:\/\/blogdoedvaldomagalhaes.com.br\/index.php\/wp-json\/wp\/v2\/users\/1"}],"replies":[{"embeddable":true,"href":"https:\/\/blogdoedvaldomagalhaes.com.br\/index.php\/wp-json\/wp\/v2\/comments?post=103700"}],"version-history":[{"count":1,"href":"https:\/\/blogdoedvaldomagalhaes.com.br\/index.php\/wp-json\/wp\/v2\/posts\/103700\/revisions"}],"predecessor-version":[{"id":103702,"href":"https:\/\/blogdoedvaldomagalhaes.com.br\/index.php\/wp-json\/wp\/v2\/posts\/103700\/revisions\/103702"}],"wp:featuredmedia":[{"embeddable":true,"href":"https:\/\/blogdoedvaldomagalhaes.com.br\/index.php\/wp-json\/wp\/v2\/media\/103701"}],"wp:attachment":[{"href":"https:\/\/blogdoedvaldomagalhaes.com.br\/index.php\/wp-json\/wp\/v2\/media?parent=103700"}],"wp:term":[{"taxonomy":"category","embeddable":true,"href":"https:\/\/blogdoedvaldomagalhaes.com.br\/index.php\/wp-json\/wp\/v2\/categories?post=103700"},{"taxonomy":"post_tag","embeddable":true,"href":"https:\/\/blogdoedvaldomagalhaes.com.br\/index.php\/wp-json\/wp\/v2\/tags?post=103700"}],"curies":[{"name":"wp","href":"https:\/\/api.w.org\/{rel}","templated":true}]}}