{"id":1037,"date":"2018-10-09T17:49:00","date_gmt":"2018-10-09T20:49:00","guid":{"rendered":"http:\/\/blogdoedvaldomagalhaes.com.br\/index.php\/2018\/10\/09\/nota-da-deputada-estadual-laura-gomes\/"},"modified":"2019-02-09T02:34:44","modified_gmt":"2019-02-09T04:34:44","slug":"nota-da-deputada-estadual-laura-gomes","status":"publish","type":"post","link":"https:\/\/blogdoedvaldomagalhaes.com.br\/index.php\/2018\/10\/09\/nota-da-deputada-estadual-laura-gomes\/","title":{"rendered":"Nota da deputada estadual Laura Gomes ao povo de Caruaru"},"content":{"rendered":"<div class=\"separator\" style=\"clear: both; text-align: justify;\">\n<a href=\"https:\/\/1.bp.blogspot.com\/-AjpIhmXc2gs\/W7zobr_JB9I\/AAAAAAAA7ik\/zRYW3R2ttLkBu0I9DsWMWe2pYvfUedLFACLcBGAs\/s1600\/IMG-20181009-WA0079.jpg\" imageanchor=\"1\" style=\"margin-left: 1em; margin-right: 1em;\"><img loading=\"lazy\" decoding=\"async\" border=\"0\" data-original-height=\"853\" data-original-width=\"1280\" height=\"426\" src=\"http:\/\/blogdoedvaldomagalhaes.com.br\/wp-content\/uploads\/2018\/10\/IMG-20181009-WA0079.jpg\" width=\"640\" \/><\/a><\/div>\n<div style=\"text-align: justify;\">\n<\/div>\n<div style=\"text-align: justify;\">\nNOTA DA DEPUTADA ESTADUAL LAURA GOMES AO POVO DE CARUARU<\/div>\n<div style=\"text-align: justify;\">\n<\/div>\n<div style=\"text-align: justify;\">\n<\/div>\n<div style=\"text-align: justify;\">\nEu n\u00e3o poderia deixar de expressar o quanto estou agradecida pelos mais de 15 mil votos em Pernambuco e, em especial, os mais de 5 mil de Caruaru, sabendo que foram votos conscientes, conseguidos olho no olho com o eleitor, numa luta di\u00e1ria, minha e da minha brava equipe, compensando com muita garra e determina\u00e7\u00e3o a falta de recursos para vencer as dificuldades de uma campanha muito disputada.<\/div>\n<div style=\"text-align: justify;\">\n<\/div>\n<div style=\"text-align: justify;\">\nEnquanto agrade\u00e7o a todos pelo apoio, informo que continuo na luta, como representante da mulher caruaruense, at\u00e9 o final do meu mandato na Assembleia Legislativa de Pernambuco (Alepe). E, no pr\u00f3ximo ano, vou atuar politicamente, posicionada entre os primeiros suplentes do Partido Socialista Brasileiro (PSB). Muito agradecida estou, tamb\u00e9m,&nbsp; pelas vit\u00f3rias de Paulo C\u00e2mara, de Fernando Haddad e dos senadores Humberto Costa e Jarbas Vasconcelos, em Pernambuco, j\u00e1 no primeiro turno.&nbsp;<\/div>\n<div style=\"text-align: justify;\">\n<\/div>\n<div style=\"text-align: justify;\">\nAgora, convido a todos para a batalha democr\u00e1tica no segundo turno da elei\u00e7\u00e3o presidencial, por uma vida melhor para todos os brasileiros,&nbsp; com educa\u00e7\u00e3o de qualidade, emprego, distribui\u00e7\u00e3o de renda, seguran\u00e7a e mais aten\u00e7\u00e3o \u00e0 sa\u00fade.<\/div>\n<div style=\"text-align: justify;\">\n<\/div>\n<div style=\"text-align: justify;\">\nLaura Gomes<\/div>\n","protected":false},"excerpt":{"rendered":"<p>NOTA DA DEPUTADA ESTADUAL LAURA GOMES AO POVO DE CARUARU Eu n\u00e3o poderia deixar de expressar o quanto estou agradecida&hellip;<\/p>\n","protected":false},"author":1,"featured_media":0,"comment_status":"open","ping_status":"open","sticky":false,"template":"","format":"standard","meta":{"footnotes":""},"categories":[1],"tags":[2,20],"class_list":["post-1037","post","type-post","status-publish","format-standard","hentry","category-sem-categoria","tag-blog-do-edvaldo-magalhaes","tag-politica"],"_links":{"self":[{"href":"https:\/\/blogdoedvaldomagalhaes.com.br\/index.php\/wp-json\/wp\/v2\/posts\/1037","targetHints":{"allow":["GET"]}}],"collection":[{"href":"https:\/\/blogdoedvaldomagalhaes.com.br\/index.php\/wp-json\/wp\/v2\/posts"}],"about":[{"href":"https:\/\/blogdoedvaldomagalhaes.com.br\/index.php\/wp-json\/wp\/v2\/types\/post"}],"author":[{"embeddable":true,"href":"https:\/\/blogdoedvaldomagalhaes.com.br\/index.php\/wp-json\/wp\/v2\/users\/1"}],"replies":[{"embeddable":true,"href":"https:\/\/blogdoedvaldomagalhaes.com.br\/index.php\/wp-json\/wp\/v2\/comments?post=1037"}],"version-history":[{"count":1,"href":"https:\/\/blogdoedvaldomagalhaes.com.br\/index.php\/wp-json\/wp\/v2\/posts\/1037\/revisions"}],"predecessor-version":[{"id":34828,"href":"https:\/\/blogdoedvaldomagalhaes.com.br\/index.php\/wp-json\/wp\/v2\/posts\/1037\/revisions\/34828"}],"wp:attachment":[{"href":"https:\/\/blogdoedvaldomagalhaes.com.br\/index.php\/wp-json\/wp\/v2\/media?parent=1037"}],"wp:term":[{"taxonomy":"category","embeddable":true,"href":"https:\/\/blogdoedvaldomagalhaes.com.br\/index.php\/wp-json\/wp\/v2\/categories?post=1037"},{"taxonomy":"post_tag","embeddable":true,"href":"https:\/\/blogdoedvaldomagalhaes.com.br\/index.php\/wp-json\/wp\/v2\/tags?post=1037"}],"curies":[{"name":"wp","href":"https:\/\/api.w.org\/{rel}","templated":true}]}}