{"id":103697,"date":"2023-12-13T21:02:24","date_gmt":"2023-12-14T00:02:24","guid":{"rendered":"https:\/\/blogdoedvaldomagalhaes.com.br\/?p=103697"},"modified":"2023-12-13T21:02:26","modified_gmt":"2023-12-14T00:02:26","slug":"lancados-editais-do-sao-joao-2024-e-a-plataforma-mapa-cultural-durante-a-v-semana-viva-gonzaga","status":"publish","type":"post","link":"https:\/\/blogdoedvaldomagalhaes.com.br\/index.php\/2023\/12\/13\/lancados-editais-do-sao-joao-2024-e-a-plataforma-mapa-cultural-durante-a-v-semana-viva-gonzaga\/","title":{"rendered":"Lan\u00e7ados editais do S\u00e3o Jo\u00e3o 2024 e a plataforma Mapa Cultural durante a V Semana Viva Gonzaga"},"content":{"rendered":"<p><span style=\"font-size: revert;\">O prefeito Rodrigo Pinheiro lan\u00e7ou oficialmente os dois editais do S\u00e3o Jo\u00e3o 2024 e tamb\u00e9m a plataforma Mapa Cultural durante a V Semana Viva Gonzaga \u2013 111 anos do Rei do Bai\u00e3o. O lan\u00e7amento ocorreu nesta quarta-feira (13), data que celebra o nascimento de Luiz Gonzaga e o Dia do Forr\u00f3.<\/span><\/p>\n<p>\u201cLan\u00e7amos o edital nesse dia t\u00e3o simb\u00f3lico para os nossos artistas e trazendo duas novidades. O S\u00e3o Jo\u00e3o de Caruaru ter\u00e1 dois novos polos em 2024: o Polo do Bacamarte e o Polo do P\u00edfano. Al\u00e9m disso, teremos 72 dias de S\u00e3o Jo\u00e3o no ano que vem\u201d, disse o prefeito Rodrigo Pinheiro, que, na ocasi\u00e3o, recebeu a homenagem \u201cPrefeito Amigo da Cultura\u201d do presidente da Funda\u00e7\u00e3o de Cultura, H\u00e9rlon Cavalcanti.<\/p>\n<p>A edi\u00e7\u00e3o 2024 do Maior e Melhor S\u00e3o Jo\u00e3o do Mundo ter\u00e1 dois editais: o de m\u00fasica e o demais linguagens, que seguir\u00e3o o mesmo calend\u00e1rio. Poder\u00e3o se inscrever tanto pessoas f\u00edsicas como tamb\u00e9m jur\u00eddicas. O per\u00edodo de inscri\u00e7\u00e3o ser\u00e1 de 13 de dezembro at\u00e9 \u00e0s 23h59 do dia 5 de janeiro de 2024.<\/p>\n<p>Os interessados dever\u00e3o realizar suas inscri\u00e7\u00f5es, de forma exclusiva, por meio da plataforma Mapa Cultural: https:\/\/mapacultural.caruaru.pe.gov.br. Haver\u00e1 cotas para pessoas pretas, pardas e com defici\u00eancia, al\u00e9m daquelas que s\u00e3o de povos tradicionais ou origin\u00e1rios.<\/p>\n<p>No caso das demais linguagens, ser\u00e3o aceitas as seguintes: cultura popular, artes integradas, artes urbanas, artes c\u00eanicas, circo, literatura, artesanato, audiovisual, artes visuais, design e moda, fotografia, patrim\u00f4nio cultural, povos tradicionais, dan\u00e7a e gastronomia.<\/p>\n<p>As d\u00favidas em torno dos editais podem ser esclarecidas por meio do WhatsApp: (81) 98384-4286 ou pelo e-mail projetos.fcc@caruaru.pe.gov.br. Confira abaixo o cronograma completo:<\/p>\n<p>Publica\u00e7\u00e3o do Edital: 13 de dezembro de 2023<br \/>\nInscri\u00e7\u00f5es\/Propostas: De 13 de dezembro a 5 de janeiro de 2024<br \/>\nAn\u00e1lise documental: De 08 a 15 de janeiro de 2024<br \/>\nDivulga\u00e7\u00e3o\/resultado da an\u00e1lise documental (habilitados): 16 de janeiro de 2024<br \/>\nPer\u00edodo de recursos ao resultado da an\u00e1lise documental: De 17 a 19 de janeiro de 2024<br \/>\nDivulga\u00e7\u00e3o do resultado dos recursos: 23 de janeiro de 2024<br \/>\nAn\u00e1lise da comiss\u00e3o de sele\u00e7\u00e3o de propostas: De 24 de janeiro a 20 de fevereirode2024 Divulga\u00e7\u00e3o das notas das propostas: 26 de fevereiro de 2024<br \/>\nAn\u00fancio da grade de programa\u00e7\u00e3o do S\u00e3o Jo\u00e3o 2024: 19 de mar\u00e7o de 2024. Foto: Elvis \u00c9dson\/Secom<\/p>\n<p>Siga o Instagram do Blog \u00a0@blogdoedvaldomagalhaes<\/p>\n","protected":false},"excerpt":{"rendered":"<p>O prefeito Rodrigo Pinheiro lan\u00e7ou oficialmente os dois editais do S\u00e3o Jo\u00e3o 2024 e tamb\u00e9m a plataforma Mapa Cultural durante&hellip;<\/p>\n","protected":false},"author":1,"featured_media":103698,"comment_status":"closed","ping_status":"open","sticky":false,"template":"","format":"standard","meta":{"footnotes":""},"categories":[14120],"tags":[28803,2,28801,3406,29342],"class_list":["post-103697","post","type-post","status-publish","format-standard","has-post-thumbnail","hentry","category-noticias","tag-blog-com-mais-visualizacoes","tag-blog-do-edvaldo-magalhaes","tag-blog-mais-acessado","tag-caruaru","tag-lancados-editais-do-sao-joao-2024-e-a-plataforma-mapa-cultural-durante-a-v-semana-viva-gonzaga"],"_links":{"self":[{"href":"https:\/\/blogdoedvaldomagalhaes.com.br\/index.php\/wp-json\/wp\/v2\/posts\/103697","targetHints":{"allow":["GET"]}}],"collection":[{"href":"https:\/\/blogdoedvaldomagalhaes.com.br\/index.php\/wp-json\/wp\/v2\/posts"}],"about":[{"href":"https:\/\/blogdoedvaldomagalhaes.com.br\/index.php\/wp-json\/wp\/v2\/types\/post"}],"author":[{"embeddable":true,"href":"https:\/\/blogdoedvaldomagalhaes.com.br\/index.php\/wp-json\/wp\/v2\/users\/1"}],"replies":[{"embeddable":true,"href":"https:\/\/blogdoedvaldomagalhaes.com.br\/index.php\/wp-json\/wp\/v2\/comments?post=103697"}],"version-history":[{"count":1,"href":"https:\/\/blogdoedvaldomagalhaes.com.br\/index.php\/wp-json\/wp\/v2\/posts\/103697\/revisions"}],"predecessor-version":[{"id":103699,"href":"https:\/\/blogdoedvaldomagalhaes.com.br\/index.php\/wp-json\/wp\/v2\/posts\/103697\/revisions\/103699"}],"wp:featuredmedia":[{"embeddable":true,"href":"https:\/\/blogdoedvaldomagalhaes.com.br\/index.php\/wp-json\/wp\/v2\/media\/103698"}],"wp:attachment":[{"href":"https:\/\/blogdoedvaldomagalhaes.com.br\/index.php\/wp-json\/wp\/v2\/media?parent=103697"}],"wp:term":[{"taxonomy":"category","embeddable":true,"href":"https:\/\/blogdoedvaldomagalhaes.com.br\/index.php\/wp-json\/wp\/v2\/categories?post=103697"},{"taxonomy":"post_tag","embeddable":true,"href":"https:\/\/blogdoedvaldomagalhaes.com.br\/index.php\/wp-json\/wp\/v2\/tags?post=103697"}],"curies":[{"name":"wp","href":"https:\/\/api.w.org\/{rel}","templated":true}]}}